{"id":189066,"date":"2025-12-15T10:23:11","date_gmt":"2025-12-15T10:23:11","guid":{"rendered":"https:\/\/www.europesays.com\/pt\/189066\/"},"modified":"2025-12-15T10:23:11","modified_gmt":"2025-12-15T10:23:11","slug":"o-mestre-da-luz-e-da-sombra-em-circulacao","status":"publish","type":"post","link":"https:\/\/www.europesays.com\/pt\/189066\/","title":{"rendered":"o mestre da luz e da sombra em circula\u00e7\u00e3o"},"content":{"rendered":"<p><strong>Rembrandt van Rijn <\/strong>\u00e9 um artista cuja pot\u00eancia atravessa s\u00e9culos sem perder a capacidade de nos interpelar. Considerado um dos maiores <strong>mestres do barroco europeu<\/strong>, sua obra permanece vibrante, porque opera no dom\u00ednio da t\u00e9cnica e no campo das percep\u00e7\u00f5es fundamentais: a luz e a sombra como terreno para investigar a complexidade humana. <\/p>\n<p>Esses elementos, trabalhados com rigor quase alqu\u00edmico, continuam a reverberar em museus, publica\u00e7\u00f5es, estudos acad\u00eamicos e, agora, em um circuito expositivo que percorre o Brasil.<\/p>\n<p>Depois de passar pelos Correios, no Rio de Janeiro, a mostra Mestre da Luz e da Sombra est\u00e1 em cartaz na Casa Fiat de Cultura, em Belo Horizonte, e <strong>chega a Vit\u00f3ria, em fevereiro de 2026. <\/strong>\u00c9 um raro privil\u00e9gio poder encontrar, t\u00e3o perto, um conjunto expressivo de gravuras do artista holand\u00eas, cuja maestria t\u00e9cnica e pot\u00eancia narrativa revolucionaram a hist\u00f3ria da arte.<\/p>\n<p>Se a pintura de Rembrandt \u00e9 celebrada, sua produ\u00e7\u00e3o gr\u00e1fica \u00e9, para muitos, uma descoberta. E \u00e9 justamente na gravura que o artista alcan\u00e7a algumas de suas realiza\u00e7\u00f5es mais profundas. Rembrandt utilizava \u00e1gua-forte com ponta seca em placas de cobre, suporte onde alterava matrizes, raspava, recortava, ampliava zonas de sombra para intensificar emo\u00e7\u00f5es. Em obras como A Fuga para o Egito (1633) ou A Ressurrei\u00e7\u00e3o de L\u00e1zaro (1632), a luz n\u00e3o \u00e9 apenas um recurso visual \u2014 \u00e9 protagonista, condutora da narrativa, reveladora da ess\u00eancia humana.<\/p>\n<p>Cole\u00e7\u00e3o italiana<\/p>\n<p>As gravuras de Rembrandt em circula\u00e7\u00e3o pelo pa\u00eds prov\u00eam de uma cole\u00e7\u00e3o privada italiana, administrada pela The Art Co. e acompanhada cientificamente pela Rede dos Museus da Regi\u00e3o Marche Nord, na It\u00e1lia. O conjunto re\u00fane 69 gravuras originais do artista, produzidas entre 1629 e 1665, abrangendo temas b\u00edblicos, cenas cotidianas, autorretratos e estudos de luz. Trata-se de um n\u00facleo raro e significativo, que corresponde a quase um quarto de toda a produ\u00e7\u00e3o gr\u00e1fica de Rembrandt \u2014 um testemunho direto de sua experimenta\u00e7\u00e3o formal e de seu dom\u00ednio profundo da t\u00e9cnica da gravura.<\/p>\n<p>A expografia convida a presen\u00e7a do espectador, em geral, esse sujeito desatento que fotografa a obra antes de olh\u00e1-la. E para conduzir essa aproxima\u00e7\u00e3o s\u00e3o criados espa\u00e7os de pausa, v\u00eddeos informativos sobre a cole\u00e7\u00e3o italiana, acessibilidade para os trabalhos e, ao final, uma grande tela que d\u00e1 movimento ao artista, em efeitos criados por intelig\u00eancia artificial.<\/p>\n<p><img loading=\"lazy\" decoding=\"async\" width=\"576\" height=\"768\" src=\"data:image\/svg+xml,%3Csvg%20xmlns=\" http:=\"\" alt=\"\" class=\"wp-image-7734534\" data-lazy- data-lazy- data-lazy-src=\"https:\/\/www.europesays.com\/pt\/wp-content\/uploads\/2025\/12\/tela-rembrandt-1-576x768.png\"\/><\/p>\n<p>Foto da autora<\/p>\n<p>Um aspecto que merece destaque especial \u00e9 o fato desta exposi\u00e7\u00e3o ser uma <strong>produ\u00e7\u00e3o 100% capixaba.<\/strong> Todo o projeto \u2014 da concep\u00e7\u00e3o aos materiais gr\u00e1ficos, do planejamento expogr\u00e1fico \u00e0 execu\u00e7\u00e3o \u2014 foi realizado por profissionais do Esp\u00edrito Santo. \u00c9 significativo que um conjunto t\u00e3o importante da hist\u00f3ria da arte esteja viajando o pa\u00eds sob a expertise de uma equipe local, que afirma a import\u00e2ncia da profissionaliza\u00e7\u00e3o do segmento em suas diversas camadas de atua\u00e7\u00e3o e do posicionamento do Estado no cen\u00e1rio cultural .<\/p>\n<p>A chegada da exposi\u00e7\u00e3o a Vit\u00f3ria oferece uma ocasi\u00e3o privilegiada para analisar, de perto, o rigor t\u00e9cnico e a complexidade formal da produ\u00e7\u00e3o gr\u00e1fica de Rembrandt. Suas gravuras evidenciam n\u00e3o apenas a maestria no uso do claro-escuro, mas tamb\u00e9m um modo particular de construir <strong>narrativa visual por meio de sucessivas camadas de incid\u00eancia de luz, raspagem, reinterpreta\u00e7\u00e3o e reimpress\u00e3o.<\/strong><\/p>\n<p>O contato direto com esse conjunto permite observar como o artista desloca o papel da sombra \u2014 n\u00e3o como aus\u00eancia, mas como estrutura que organiza o espa\u00e7o e orienta a leitura. Diante dessas obras, somos convidados a examinar rela\u00e7\u00f5es entre processo, materialidade e percep\u00e7\u00e3o: a luz que constr\u00f3i o volume, a linha que se autonomiza, o gesto que reconfigura a matriz.<\/p>\n","protected":false},"excerpt":{"rendered":"Rembrandt van Rijn \u00e9 um artista cuja pot\u00eancia atravessa s\u00e9culos sem perder a capacidade de nos interpelar. Considerado&hellip;\n","protected":false},"author":2,"featured_media":189067,"comment_status":"","ping_status":"","sticky":false,"template":"","format":"standard","meta":{"footnotes":""},"categories":[144],"tags":[207,205,206,203,201,202,204,114,115,6899,32,33],"class_list":{"0":"post-189066","1":"post","2":"type-post","3":"status-publish","4":"format-standard","5":"has-post-thumbnail","7":"category-arte-e-design","8":"tag-arte","9":"tag-arte-e-design","10":"tag-artedesign","11":"tag-arts","12":"tag-arts-and-design","13":"tag-artsanddesign","14":"tag-design","15":"tag-entertainment","16":"tag-entretenimento","17":"tag-pintura","18":"tag-portugal","19":"tag-pt"},"share_on_mastodon":{"url":"https:\/\/pubeurope.com\/@pt\/115723095437772657","error":""},"_links":{"self":[{"href":"https:\/\/www.europesays.com\/pt\/wp-json\/wp\/v2\/posts\/189066","targetHints":{"allow":["GET"]}}],"collection":[{"href":"https:\/\/www.europesays.com\/pt\/wp-json\/wp\/v2\/posts"}],"about":[{"href":"https:\/\/www.europesays.com\/pt\/wp-json\/wp\/v2\/types\/post"}],"author":[{"embeddable":true,"href":"https:\/\/www.europesays.com\/pt\/wp-json\/wp\/v2\/users\/2"}],"replies":[{"embeddable":true,"href":"https:\/\/www.europesays.com\/pt\/wp-json\/wp\/v2\/comments?post=189066"}],"version-history":[{"count":0,"href":"https:\/\/www.europesays.com\/pt\/wp-json\/wp\/v2\/posts\/189066\/revisions"}],"wp:featuredmedia":[{"embeddable":true,"href":"https:\/\/www.europesays.com\/pt\/wp-json\/wp\/v2\/media\/189067"}],"wp:attachment":[{"href":"https:\/\/www.europesays.com\/pt\/wp-json\/wp\/v2\/media?parent=189066"}],"wp:term":[{"taxonomy":"category","embeddable":true,"href":"https:\/\/www.europesays.com\/pt\/wp-json\/wp\/v2\/categories?post=189066"},{"taxonomy":"post_tag","embeddable":true,"href":"https:\/\/www.europesays.com\/pt\/wp-json\/wp\/v2\/tags?post=189066"}],"curies":[{"name":"wp","href":"https:\/\/api.w.org\/{rel}","templated":true}]}}