{"id":189179,"date":"2025-12-15T12:03:07","date_gmt":"2025-12-15T12:03:07","guid":{"rendered":"https:\/\/www.europesays.com\/pt\/189179\/"},"modified":"2025-12-15T12:03:07","modified_gmt":"2025-12-15T12:03:07","slug":"sociedade-de-advogados-chocada-com-detencao-de-paulo-abreu-santos-por-crimes-sexuais","status":"publish","type":"post","link":"https:\/\/www.europesays.com\/pt\/189179\/","title":{"rendered":"Sociedade de advogados &#8220;chocada&#8221; com deten\u00e7\u00e3o de Paulo Abreu Santos por crimes sexuais"},"content":{"rendered":"<p data-remotead-prev-elm=\"true\" data-remotead-elm-id=\"inread\">Em comunicado, a firma diz ter sido surpreendida pelo &#8220;conte\u00fado&#8221; not\u00edcias e sublinha que \u00e9 &#8220;completamente alheia e desconhecedora dos alegados comportamentos&#8221; imputados ao advogado, que exerceu fun\u00e7\u00f5es no Minist\u00e9rio da Justi\u00e7a como adjunto da antiga ministra Catarina Sarmento e Castro, em 2023 e 2024.<\/p>\n<p>O escrit\u00f3rio acrescenta ainda que confia no trabalho das autoridades, reiterando que cabe \u00e0s institui\u00e7\u00f5es competentes apurar a verdade dos factos e retirar as devidas conclus\u00f5es legais. &#8220;A sociedade confia, como sempre, que as institui\u00e7\u00f5es competentes desenvolver\u00e3o o seu trabalho, no sentido de que seja apurada a verdade dos factos e que da\u00ed sejam retiradas as consequentes conclus\u00f5es legais&#8221;, l\u00ea-se na nota.<\/p>\n<p>Paulo Abreu dos Santos foi posto em pris\u00e3o preventiva na semana passada, ap\u00f3s ter sido detido pela Pol\u00edcia Judici\u00e1ria no \u00e2mbito de uma investiga\u00e7\u00e3o por suspeitas de pornografia de menores e abusos sexuais de crian\u00e7as.<\/p>\n<blockquote data-type=\"articles\" data-id=\"related-article-18030037\"><p>\n              <strong>Leia tamb\u00e9m <\/strong><br \/>\n              <a href=\"https:\/\/www.jn.pt\/justica\/artigo\/adjunto-de-ex-ministra-da-justica-detido-por-pornografia-de-menores\/18030037\" rel=\"nofollow noopener\" target=\"_blank\">Adjunto de ex-ministra preso por crimes sexuais contra menores<\/a>\n            <\/p><\/blockquote>\n<p data-remotead-prev-elm=\"true\" data-remotead-elm-id=\"centro1\">Na resid\u00eancia do suspeito, na zona de Lisboa, os inspetores apreenderam material inform\u00e1tico e num telem\u00f3vel foram encontrados v\u00eddeos que indiciam crimes de abuso sexual de menor. Existem suspeitas de que o detido, de 38 anos, tenha filmado intera\u00e7\u00f5es sexuais com menores e que os tenha partilhado em grupos privados de aplica\u00e7\u00f5es encriptadas. Numa das pesquisas, um dos pontos de acesso \u00e0 Internet que surgiram correspondia ao Minist\u00e9rio da Justi\u00e7a<\/p>\n<p>Em computadores, a PJ encontrou centenas de ficheiros com conte\u00fados pornogr\u00e1ficos envolvendo menores.<\/p>\n<p>Segundo uma nota curricular publicada no Di\u00e1rio da Rep\u00fablica, Paulo Abreu dos Santos \u00e9 licenciado em Direito e desenvolveu atividade profissional como advogado e parecerista, em particular nas \u00e1reas de contencioso societ\u00e1rio e comercial, insolv\u00eancia e arbitragem.<\/p>\n","protected":false},"excerpt":{"rendered":"Em comunicado, a firma diz ter sido surpreendida pelo &#8220;conte\u00fado&#8221; not\u00edcias e sublinha que \u00e9 &#8220;completamente alheia e&hellip;\n","protected":false},"author":2,"featured_media":189180,"comment_status":"","ping_status":"","sticky":false,"template":"","format":"standard","meta":{"footnotes":""},"categories":[10],"tags":[20177,27,28,15,16,14,603,25,26,21,22,12,13,19,20,4107,25467,32,23,24,33,17,18,29,30,31],"class_list":{"0":"post-189179","1":"post","2":"type-post","3":"status-publish","4":"format-standard","5":"has-post-thumbnail","7":"category-portugal","8":"tag-abuso-sexual","9":"tag-breaking-news","10":"tag-breakingnews","11":"tag-featured-news","12":"tag-featurednews","13":"tag-headlines","14":"tag-justica","15":"tag-latest-news","16":"tag-latestnews","17":"tag-main-news","18":"tag-mainnews","19":"tag-news","20":"tag-noticias","21":"tag-noticias-principais","22":"tag-noticiasprincipais","23":"tag-pj","24":"tag-pornografia-de-menores","25":"tag-portugal","26":"tag-principais-noticias","27":"tag-principaisnoticias","28":"tag-pt","29":"tag-top-stories","30":"tag-topstories","31":"tag-ultimas","32":"tag-ultimas-noticias","33":"tag-ultimasnoticias"},"share_on_mastodon":{"url":"https:\/\/pubeurope.com\/@pt\/115723488815818226","error":""},"_links":{"self":[{"href":"https:\/\/www.europesays.com\/pt\/wp-json\/wp\/v2\/posts\/189179","targetHints":{"allow":["GET"]}}],"collection":[{"href":"https:\/\/www.europesays.com\/pt\/wp-json\/wp\/v2\/posts"}],"about":[{"href":"https:\/\/www.europesays.com\/pt\/wp-json\/wp\/v2\/types\/post"}],"author":[{"embeddable":true,"href":"https:\/\/www.europesays.com\/pt\/wp-json\/wp\/v2\/users\/2"}],"replies":[{"embeddable":true,"href":"https:\/\/www.europesays.com\/pt\/wp-json\/wp\/v2\/comments?post=189179"}],"version-history":[{"count":0,"href":"https:\/\/www.europesays.com\/pt\/wp-json\/wp\/v2\/posts\/189179\/revisions"}],"wp:featuredmedia":[{"embeddable":true,"href":"https:\/\/www.europesays.com\/pt\/wp-json\/wp\/v2\/media\/189180"}],"wp:attachment":[{"href":"https:\/\/www.europesays.com\/pt\/wp-json\/wp\/v2\/media?parent=189179"}],"wp:term":[{"taxonomy":"category","embeddable":true,"href":"https:\/\/www.europesays.com\/pt\/wp-json\/wp\/v2\/categories?post=189179"},{"taxonomy":"post_tag","embeddable":true,"href":"https:\/\/www.europesays.com\/pt\/wp-json\/wp\/v2\/tags?post=189179"}],"curies":[{"name":"wp","href":"https:\/\/api.w.org\/{rel}","templated":true}]}}