{"id":189209,"date":"2025-12-15T12:24:08","date_gmt":"2025-12-15T12:24:08","guid":{"rendered":"https:\/\/www.europesays.com\/pt\/189209\/"},"modified":"2025-12-15T12:24:08","modified_gmt":"2025-12-15T12:24:08","slug":"demolidor-em-guerras-secretas-atualizacao-esclarece-participacao-do-heroi-em-megaevento-do-mcu","status":"publish","type":"post","link":"https:\/\/www.europesays.com\/pt\/189209\/","title":{"rendered":"Demolidor em Guerras Secretas? Atualiza\u00e7\u00e3o esclarece participa\u00e7\u00e3o do her\u00f3i em megaevento do MCU"},"content":{"rendered":"<p class=\"wp-block-yoast-seo-estimated-reading-time yoast-reading-time__wrapper\">Estimated reading time: 2 minutos<\/p>\n<p>Embora n\u00e3o se trate de um palpite dif\u00edcil de prever, uma recente atualiza\u00e7\u00e3o est\u00e1 esclarecendo a participa\u00e7\u00e3o do <a href=\"https:\/\/ovicio.com.br\/tag\/demolidor\" target=\"_blank\" rel=\"noreferrer noopener nofollow\">Demolidor<\/a> no atual megaevento do MCU, e se ele estar\u00e1 ou n\u00e3o em <a href=\"https:\/\/ovicio.com.br\/filme\/vingadores-guerras-secretas\" target=\"_blank\" rel=\"noreferrer noopener nofollow\">Vingadores: Guerras Secretas (2027)<\/a>.<\/p>\n<p>Ap\u00f3s relat\u00f3rios indicarem que o ator n\u00e3o participar\u00e1 de <a href=\"https:\/\/ovicio.com.br\/tag\/homem-aranha-4\" target=\"_blank\" rel=\"noreferrer noopener nofollow\">Homem-Aranha 4 (2026)<\/a> e <strong>Destino (2026)<\/strong>, o insider Daniel RPK trouxe boas novas para os f\u00e3s do Dem\u00f4nio de Hell&#8217;s Kitchen.<\/p>\n<p>Em seu Patreon, o informante garantiu que <a href=\"https:\/\/ovicio.com.br\/tag\/charlie-cox\" target=\"_blank\" rel=\"noreferrer noopener nofollow\">Charlie Cox<\/a> se unir\u00e1 ao time de her\u00f3is em <strong>Guerras Secretas<\/strong>, mas os f\u00e3s n\u00e3o devem esperar por <a href=\"https:\/\/ovicio.com.br\/tag\/ben-affleck\" target=\"_blank\" rel=\"noreferrer noopener nofollow\">Ben Affleck<\/a> retornando como sua vers\u00e3o do her\u00f3i para uma participa\u00e7\u00e3o.<\/p>\n<p>Sabemos que o blockbuster da <a href=\"https:\/\/ovicio.com.br\/tag\/marvel-studios\" target=\"_blank\" rel=\"noreferrer noopener nofollow\">Marvel Studios<\/a> reunir\u00e1 o maior n\u00famero de personagens, enquanto encerra a fase que ter\u00e1 antagonismo de<strong> Robert Downey Jr.<\/strong> como o <strong>Doutor Destino. <\/strong><\/p>\n<p>Qual o atual status de Vingadores 6?<img fetchpriority=\"high\" decoding=\"async\" width=\"1024\" height=\"576\" src=\"https:\/\/www.europesays.com\/pt\/wp-content\/uploads\/2025\/12\/20250506-demolidor-e-os-vingadores-1024x576.webp.webp\" alt=\"Demolidor e os VIngadores\" class=\"lazyload wp-image-733713\"  data-\/>Reprodu\u00e7\u00e3o\/Disney<\/p>\n<p>Enquanto <a href=\"https:\/\/ovicio.com.br\/tag\/vingadores-destino\" rel=\"nofollow noopener\" target=\"_blank\">Destino (2026)<\/a> segue em p\u00f3s-produ\u00e7\u00e3o e com lan\u00e7amento agendado para 18 de dezembro de 2026, <strong>Guerras Secretas <\/strong>iniciar\u00e1 suas filmagens, muito provavelmente, no primeiro semestre do pr\u00f3ximo ano.<\/p>\n<p>Como seu antecessor, o filme tamb\u00e9m tem estreia marcada para dezembro, integrando oficialmente o cat\u00e1logo de lan\u00e7amentos do est\u00fadio em 2027.<\/p>\n<p>Os detalhes sobre a trama permanecem em completo segredo, com os<strong> Irm\u00e3os Russo<\/strong> retornando para a cadeira de dire\u00e7\u00e3o.<\/p>\n<p>Leia mais sobre o Demolidor e Guerras Secretas:<\/p>\n<p><strong>Fonte: <\/strong><a href=\"https:\/\/comicbookmovie.com\/avengers\/avengers-doomsday\/rumor-charlie-coxs-daredevil-will-finally-return-to-the-big-screen-in-avengers-secret-wars-a225544\" target=\"_blank\" rel=\"noreferrer noopener nofollow\">Comic Book Movie<\/a>.<\/p>\n","protected":false},"excerpt":{"rendered":"Estimated reading time: 2 minutos Embora n\u00e3o se trate de um palpite dif\u00edcil de prever, uma recente atualiza\u00e7\u00e3o&hellip;\n","protected":false},"author":2,"featured_media":189210,"comment_status":"","ping_status":"","sticky":false,"template":"","format":"standard","meta":{"footnotes":""},"categories":[140],"tags":[18248,23311,22908,114,115,147,148,146,32,33,37711,14176,16368],"class_list":{"0":"post-189209","1":"post","2":"type-post","3":"status-publish","4":"format-standard","5":"has-post-thumbnail","7":"category-filmes","8":"tag-ben-affleck","9":"tag-charlie-cox","10":"tag-demolidor","11":"tag-entertainment","12":"tag-entretenimento","13":"tag-film","14":"tag-filmes","15":"tag-movies","16":"tag-portugal","17":"tag-pt","18":"tag-vingadores-destino","19":"tag-vingadores-doomsday","20":"tag-vingadores-guerras-secretas"},"share_on_mastodon":{"url":"https:\/\/pubeurope.com\/@pt\/115723571574460303","error":""},"_links":{"self":[{"href":"https:\/\/www.europesays.com\/pt\/wp-json\/wp\/v2\/posts\/189209","targetHints":{"allow":["GET"]}}],"collection":[{"href":"https:\/\/www.europesays.com\/pt\/wp-json\/wp\/v2\/posts"}],"about":[{"href":"https:\/\/www.europesays.com\/pt\/wp-json\/wp\/v2\/types\/post"}],"author":[{"embeddable":true,"href":"https:\/\/www.europesays.com\/pt\/wp-json\/wp\/v2\/users\/2"}],"replies":[{"embeddable":true,"href":"https:\/\/www.europesays.com\/pt\/wp-json\/wp\/v2\/comments?post=189209"}],"version-history":[{"count":0,"href":"https:\/\/www.europesays.com\/pt\/wp-json\/wp\/v2\/posts\/189209\/revisions"}],"wp:featuredmedia":[{"embeddable":true,"href":"https:\/\/www.europesays.com\/pt\/wp-json\/wp\/v2\/media\/189210"}],"wp:attachment":[{"href":"https:\/\/www.europesays.com\/pt\/wp-json\/wp\/v2\/media?parent=189209"}],"wp:term":[{"taxonomy":"category","embeddable":true,"href":"https:\/\/www.europesays.com\/pt\/wp-json\/wp\/v2\/categories?post=189209"},{"taxonomy":"post_tag","embeddable":true,"href":"https:\/\/www.europesays.com\/pt\/wp-json\/wp\/v2\/tags?post=189209"}],"curies":[{"name":"wp","href":"https:\/\/api.w.org\/{rel}","templated":true}]}}