{"id":189215,"date":"2025-12-15T12:27:08","date_gmt":"2025-12-15T12:27:08","guid":{"rendered":"https:\/\/www.europesays.com\/pt\/189215\/"},"modified":"2025-12-15T12:27:08","modified_gmt":"2025-12-15T12:27:08","slug":"triste-por-ze-mae-de-liliana-da-a-cara-pela-primeira-vez-para-falar-sobre-a-filha-secret-story","status":"publish","type":"post","link":"https:\/\/www.europesays.com\/pt\/189215\/","title":{"rendered":"Triste por Z\u00e9, M\u00e3e de Liliana d\u00e1 a cara pela primeira vez para falar sobre a filha &#8211; Secret Story"},"content":{"rendered":"<p style=\"margin-bottom:11px\">Ao fim de tr\u00eas meses, a m\u00e3e de Liliana deu a cara pela primeira vez e esteve este domingo, dia 14 de dezembro, pela primeira vez na Gala do Secret Story. Ap\u00f3s semanas que diz terem sido \u2018muito complicadas\u2019 por ter visto a filha terminar o noivado para ficar com outro homem, <a href=\"https:\/\/tvi.iol.pt\/secretstory\/videos\/nunca-antes-vista-esta-foi-a-primeira-presenca-em-estudio-da-mae-de-liliana\/693f3cad0cf2c7eb244473b0\" rel=\"nofollow noopener\" target=\"_blank\">Lurdes quebrou o sil\u00eancio.<\/a><\/p>\n<p>\u00abIsto n\u00e3o tem sido muito f\u00e1cil, pois n\u00e3o?\u00bb,\u00a0questionou Cristina Ferreira.<\/p>\n<p>\u00abN\u00e3o, \u00e9 um bocado complicado\u00bb, declarou Lurdes, acrescentando: \u00abEla est\u00e1 a jogar o jogo dela, n\u00e3o nos queremos meter em nada. N\u00e3o imagin\u00e1vamos nada disto, ela fez um jogo completamente diferente do que ia fazer\u00bb.<\/p>\n<p>Al\u00e9m disso, Lurdes relata o que sentiu por saber que a filha ia entrar com o namorado. Na altura, ficou mais descansada, mas n\u00e3o imaginava o que viria a acontecer depois.<\/p>\n<p>\u00abO Z\u00e9 ia entrar com ela, est\u00e1vamos mais descansados. Fiquei muito triste quando o vi ficar \u00e0 porta (\u2026) Quando ela sair vamos conversar, e vamos ter muito que conversar. Mas se ela estiver feliz, eu tamb\u00e9m estou\u00bb.<\/p>\n<p>Lurdes pretende agora falar com Liliana para tentar entender o que aconteceu.<\/p>\n<p>No final, acabou por deixar uma mensagem impactante sobre a sua profiss\u00e3o: \u00abCristina, j\u00e1 agora, se me permitir: eu s\u00f3 queria dizer que os feirantes s\u00e3o um trabalhador digno e tenho muito orgulho em ser feirante e um bem haja para todos os feirantes\u00bb.<\/p>\n<p style=\"margin-bottom:11px\">\u00a0\u00a0<\/p>\n","protected":false},"excerpt":{"rendered":"Ao fim de tr\u00eas meses, a m\u00e3e de Liliana deu a cara pela primeira vez e esteve este&hellip;\n","protected":false},"author":2,"featured_media":189216,"comment_status":"","ping_status":"","sticky":false,"template":"","format":"standard","meta":{"footnotes":""},"categories":[85],"tags":[8113,2632,329,333,328,335,336,114,115,334,330,38205,1326,338,19019,13,32,33,1315,8174,162,19020,227],"class_list":{"0":"post-189215","1":"post","2":"type-post","3":"status-publish","4":"format-standard","5":"has-post-thumbnail","7":"category-entretenimento","8":"tag-alice-alves","9":"tag-casa-dos-segredos","10":"tag-claudio-ramos","11":"tag-comentadores","12":"tag-concorrentes","13":"tag-confrontos","14":"tag-discussoes","15":"tag-entertainment","16":"tag-entretenimento","17":"tag-exclusivos","18":"tag-gala","19":"tag-mae-de-liliana","20":"tag-mafalda-castro","21":"tag-maria-botelho-moniz","22":"tag-marta-cardoso","23":"tag-noticias","24":"tag-portugal","25":"tag-pt","26":"tag-secret-story","27":"tag-segredos","28":"tag-tvi","29":"tag-video-do-dia","30":"tag-videos"},"share_on_mastodon":{"url":"https:\/\/pubeurope.com\/@pt\/115723583203306781","error":""},"_links":{"self":[{"href":"https:\/\/www.europesays.com\/pt\/wp-json\/wp\/v2\/posts\/189215","targetHints":{"allow":["GET"]}}],"collection":[{"href":"https:\/\/www.europesays.com\/pt\/wp-json\/wp\/v2\/posts"}],"about":[{"href":"https:\/\/www.europesays.com\/pt\/wp-json\/wp\/v2\/types\/post"}],"author":[{"embeddable":true,"href":"https:\/\/www.europesays.com\/pt\/wp-json\/wp\/v2\/users\/2"}],"replies":[{"embeddable":true,"href":"https:\/\/www.europesays.com\/pt\/wp-json\/wp\/v2\/comments?post=189215"}],"version-history":[{"count":0,"href":"https:\/\/www.europesays.com\/pt\/wp-json\/wp\/v2\/posts\/189215\/revisions"}],"wp:featuredmedia":[{"embeddable":true,"href":"https:\/\/www.europesays.com\/pt\/wp-json\/wp\/v2\/media\/189216"}],"wp:attachment":[{"href":"https:\/\/www.europesays.com\/pt\/wp-json\/wp\/v2\/media?parent=189215"}],"wp:term":[{"taxonomy":"category","embeddable":true,"href":"https:\/\/www.europesays.com\/pt\/wp-json\/wp\/v2\/categories?post=189215"},{"taxonomy":"post_tag","embeddable":true,"href":"https:\/\/www.europesays.com\/pt\/wp-json\/wp\/v2\/tags?post=189215"}],"curies":[{"name":"wp","href":"https:\/\/api.w.org\/{rel}","templated":true}]}}