{"id":189220,"date":"2025-12-15T12:31:43","date_gmt":"2025-12-15T12:31:43","guid":{"rendered":"https:\/\/www.europesays.com\/pt\/189220\/"},"modified":"2025-12-15T12:31:43","modified_gmt":"2025-12-15T12:31:43","slug":"andre-ventura-o-desafiador-do-sistema","status":"publish","type":"post","link":"https:\/\/www.europesays.com\/pt\/189220\/","title":{"rendered":"Andr\u00e9 Ventura, &#8220;o desafiador do sistema&#8221;"},"content":{"rendered":"<p>Uma an\u00e1lise conduzida pela <a href=\"https:\/\/www.instinct.pt\/\" rel=\"nofollow noopener\" target=\"_blank\"><strong>Instinct <\/strong><\/a>para o SAPO, com recurso a modelos de Intelig\u00eancia Artificial, procurou mapear o posicionamento dos candidatos \u00e0 Presid\u00eancia da Rep\u00fablica, identificando padr\u00f5es de discurso, perce\u00e7\u00f5es p\u00fablicas e bases de apoio sociopol\u00edtico.<\/p>\n<p>A investiga\u00e7\u00e3o partiu de dados publicados espontaneamente pelos portugueses na internet: coment\u00e1rios,\u00a0posts, artigos de opini\u00e3o e discuss\u00f5es em f\u00f3runs e redes sociais.<\/p>\n<p>O objetivo foi <a href=\"https:\/\/sapo.pt\/artigo\/raio-x-como-veem-os-portugueses-cada-um-dos-candidatos-presidenciais-692f5833e900be90001eb932\" rel=\"nofollow noopener\" target=\"_blank\">entender n\u00e3o apenas o que os candidatos dizem, mas como s\u00e3o percebidos pelo eleitorado.<\/a> A IA organizou essas perce\u00e7\u00f5es em torno de cinco dimens\u00f5es-chave: imagem p\u00fablica, n\u00facleo de eleitores, vulnerabilidades, confian\u00e7a percebida e potencial de crescimento. O resultado \u00e9 um retrato pragm\u00e1tico da disputa.<\/p>\n<p>Este \u00e9 o retrato de Andr\u00e9 Ventura, que ap\u00f3s dois meses de recusa acabou por formalizar a candidatura \u00e0s Presidenciais de 18 de janeiro de 2026 a 16 de setembro, considerando que &#8220;n\u00e3o podia ignorar os militantes e n\u00e3o lhes dar voz nestas elei\u00e7\u00f5es&#8221;, apesar de reconhecer que &#8220;o l\u00edder da oposi\u00e7\u00e3o n\u00e3o tem como voca\u00e7\u00e3o primeira ser candidato a Presidente da Rep\u00fablica&#8221;.\u00a0<\/p>\n<p><strong>Os descontentes e os inseguros<\/strong>, habitualmente maiorit\u00e1rios entre os seguidores do Chega, s\u00e3o o alvo preferencial do discurso de Ventura tamb\u00e9m nestas elei\u00e7\u00f5es a Bel\u00e9m, revela a <strong>an\u00e1lise feita pela\u00a0<a href=\"https:\/\/www.instinct.pt\/\" rel=\"nofollow noopener\" target=\"_blank\">Instinct <\/a>para o SAPO, com a an\u00e1lise da IA ao seu posicionamento, identificando padr\u00f5es de discurso, perce\u00e7\u00f5es p\u00fablicas e bases de apoio sociopol\u00edtico. <\/strong>\u00c9 visto como <strong>o candidato que &#8220;desafia o sistema&#8221; <\/strong>e assume-o, desde logo, nos cartazes pol\u00e9micos que \u00e0 primeira hora da candidatura ergueu pela cidade. O tema de destaque s\u00e3o as mensagens dirigidas a comunidades estrangeiras ou ciganas, rompendo com a tradi\u00e7\u00e3o de sobriedade e modera\u00e7\u00e3o, a mesma estrat\u00e9gia que\u00a0lhe garantiu, nas legislativas de mar\u00e7o, 60 deputados no Parlamento.<\/p>\n<p>Pelas redes sociais, caixas de coment\u00e1rios e outras plataformas online, o candidato de 42 anos que, sozinho, tem mais seguidores do que todos os outros presidenci\u00e1veis juntos \u00e9 olhado como <strong>&#8220;aquele que fala sem papas na l\u00edngua sobre os temas que preocupam os portugueses&#8221;. Curiosamente, a maior vulnerabilidade de Andr\u00e9 Ventura \u00e9 enquadrada precisamente nesse mesmo argumento, visto o outro lado do espelho: gera uma perce\u00e7\u00e3o de &#8220;demagogo da divis\u00e3o&#8221;.<\/strong><\/p>\n<p>Essa postura tem limitado de alguma forma o seu crescimento para al\u00e9m da base eleitoral associada ao Chega, com o candidato a conseguir um <strong>moderado n\u00edvel de confian\u00e7a\u00a0<\/strong>p\u00fablica. Definindo-se como &#8220;liberal a n\u00edvel econ\u00f3mico,\u00a0nacionalista\u00a0e\u00a0conservador&#8221; nos costumes, o homem que criou e lidera o Chega desde 2019 teve uma afirma\u00e7\u00e3o mete\u00f3rica, passando da inexist\u00eancia a l\u00edder da oposi\u00e7\u00e3o em meros sete anos. Agora, diz acreditar que &#8220;ser\u00e1 muito mais f\u00e1cil transformar o pa\u00eds&#8221; sentado na cadeira de Bel\u00e9m do que a partir de S\u00e3o Bento, e est\u00e1 convicto de que passar\u00e1 pelo menos \u00e0 segunda volta nestas elei\u00e7\u00f5es. E as sondagens n\u00e3o o t\u00eam provado errado.<\/p>\n<p>Ainda assim, feita a an\u00e1lise ao que dele se escreve online,<strong> o potencial de crescimento de Andr\u00e9 Ventura est\u00e1 a meio da tabela: \u00e9 moderado<\/strong>, revela a an\u00e1lise da\u00a0<a href=\"https:\/\/www.instinct.pt\/\" rel=\"nofollow noopener\" target=\"_blank\">Instinct.<\/a><\/p>\n<p>\t\t<img decoding=\"async\" src=\"https:\/\/www.europesays.com\/pt\/wp-content\/uploads\/2025\/12\/1765801903_404_thumbs.web.sapo.io\"  alt=\"Raio-X Ventura\" loading=\"true\"\/><\/p>\n<p>      Raio-X Ventura<\/p>\n","protected":false},"excerpt":{"rendered":"Uma an\u00e1lise conduzida pela Instinct para o SAPO, com recurso a modelos de Intelig\u00eancia Artificial, procurou mapear o&hellip;\n","protected":false},"author":2,"featured_media":189221,"comment_status":"","ping_status":"","sticky":false,"template":"","format":"standard","meta":{"footnotes":""},"categories":[10],"tags":[27,28,15,16,14,25,26,21,22,12,13,19,20,32,23,24,33,17,18,29,30,31],"class_list":{"0":"post-189220","1":"post","2":"type-post","3":"status-publish","4":"format-standard","5":"has-post-thumbnail","7":"category-portugal","8":"tag-breaking-news","9":"tag-breakingnews","10":"tag-featured-news","11":"tag-featurednews","12":"tag-headlines","13":"tag-latest-news","14":"tag-latestnews","15":"tag-main-news","16":"tag-mainnews","17":"tag-news","18":"tag-noticias","19":"tag-noticias-principais","20":"tag-noticiasprincipais","21":"tag-portugal","22":"tag-principais-noticias","23":"tag-principaisnoticias","24":"tag-pt","25":"tag-top-stories","26":"tag-topstories","27":"tag-ultimas","28":"tag-ultimas-noticias","29":"tag-ultimasnoticias"},"share_on_mastodon":{"url":"https:\/\/pubeurope.com\/@pt\/115723599073275702","error":""},"_links":{"self":[{"href":"https:\/\/www.europesays.com\/pt\/wp-json\/wp\/v2\/posts\/189220","targetHints":{"allow":["GET"]}}],"collection":[{"href":"https:\/\/www.europesays.com\/pt\/wp-json\/wp\/v2\/posts"}],"about":[{"href":"https:\/\/www.europesays.com\/pt\/wp-json\/wp\/v2\/types\/post"}],"author":[{"embeddable":true,"href":"https:\/\/www.europesays.com\/pt\/wp-json\/wp\/v2\/users\/2"}],"replies":[{"embeddable":true,"href":"https:\/\/www.europesays.com\/pt\/wp-json\/wp\/v2\/comments?post=189220"}],"version-history":[{"count":0,"href":"https:\/\/www.europesays.com\/pt\/wp-json\/wp\/v2\/posts\/189220\/revisions"}],"wp:featuredmedia":[{"embeddable":true,"href":"https:\/\/www.europesays.com\/pt\/wp-json\/wp\/v2\/media\/189221"}],"wp:attachment":[{"href":"https:\/\/www.europesays.com\/pt\/wp-json\/wp\/v2\/media?parent=189220"}],"wp:term":[{"taxonomy":"category","embeddable":true,"href":"https:\/\/www.europesays.com\/pt\/wp-json\/wp\/v2\/categories?post=189220"},{"taxonomy":"post_tag","embeddable":true,"href":"https:\/\/www.europesays.com\/pt\/wp-json\/wp\/v2\/tags?post=189220"}],"curies":[{"name":"wp","href":"https:\/\/api.w.org\/{rel}","templated":true}]}}