{"id":189242,"date":"2025-12-15T12:53:22","date_gmt":"2025-12-15T12:53:22","guid":{"rendered":"https:\/\/www.europesays.com\/pt\/189242\/"},"modified":"2025-12-15T12:53:22","modified_gmt":"2025-12-15T12:53:22","slug":"lucelia-santos-negocia-retorno-as-novelas-saiba-qual","status":"publish","type":"post","link":"https:\/\/www.europesays.com\/pt\/189242\/","title":{"rendered":"Luc\u00e9lia Santos negocia retorno \u00e0s novelas; saiba qual"},"content":{"rendered":"<p><a href=\"https:\/\/natelinha.uol.com.br\/famosos\/tudo-sobre\/lucelia-santos\" rel=\"nofollow noopener\" target=\"_blank\">Luc\u00e9lia Santos<\/a> negocia um poss\u00edvel retorno \u00e0 teledramaturgia ap\u00f3s um per\u00edodo dedicado a projetos teatrais e viagens internacionais. A atriz de 68 anos teve seu \u00faltimo trabalho numa novela brasileira em 2006, com Cidad\u00e3o Brasileiro, da Record.<\/p>\n<p>De acordo com informa\u00e7\u00e3o divulgada pelo jornalista Fl\u00e1vio Ricco, a artista iniciou conversas com o diretor <a href=\"https:\/\/natelinha.uol.com.br\/famosos\/tudo-sobre\/jayme-monjardim\" rel=\"nofollow noopener\" target=\"_blank\">Jayme Monjardim<\/a> para integrar o elenco da novela <strong>Romaria<\/strong>, atualmente em fase de desenvolvimento. A negocia\u00e7\u00e3o ainda n\u00e3o foi conclu\u00edda, e\u00a0ela aguarda a confirma\u00e7\u00e3o de uma reuni\u00e3o definitiva para tratar de sua participa\u00e7\u00e3o na produ\u00e7\u00e3o.<\/p>\n<p>+\u00a0<a href=\"https:\/\/natelinha.uol.com.br\/novelas\/2025\/12\/14\/globo-agradece-aguinaldo-silva-apos-reviravolta-em-tres-gracas-autor-responde-e-da-licao--235244.php\" rel=\"nofollow noopener\" target=\"_blank\">Globo agradece Aguinaldo Silva ap\u00f3s reviravolta em Tr\u00eas Gra\u00e7as, autor responde e d\u00e1 li\u00e7\u00e3o<\/a><\/p>\n<p>continua depois da publicidade<\/p>\n<p>+\u00a0<a href=\"https:\/\/natelinha.uol.com.br\/famosos\/2025\/12\/14\/de-ferias-neymar-organiza-surpresa-para-bruna-biancardi-em-balada-235243.php\" rel=\"nofollow noopener\" target=\"_blank\">De f\u00e9rias, Neymar organiza surpresa para Bruna Biancardi em balada<\/a><\/p>\n<p>Caso o acordo avance, a novela marcar\u00e1 um reencontro profissional entre a atriz e Monjardim. Eles trabalharam juntos em projetos como Sinh\u00e1 Mo\u00e7a (1986), na Globo.\u00a0Romaria\u00a0ainda n\u00e3o tem emissora ou plataforma de exibi\u00e7\u00e3o definidas, tampouco previs\u00e3o oficial para o in\u00edcio das grava\u00e7\u00f5es ou data de estreia.<\/p>\n<p>As loca\u00e7\u00f5es j\u00e1 passaram por etapas de reconhecimento. Jo\u00e3o Pessoa, na Para\u00edba, foi escolhida como principal cen\u00e1rio da trama, ao lado de Cabaceiras, no interior do estado. As cidades foram visitadas e aprovadas pelo diretor, que optou por ambientar a hist\u00f3ria no Nordeste brasileiro, refor\u00e7ando o recorte regional da narrativa.<\/p>\n<p>continua depois da publicidade<\/p>\n<p>Romaria gira em torno de uma fam\u00edlia composta por sete irm\u00e3os que se afastaram ao longo dos anos em raz\u00e3o de conflitos e perdas. Antes de morrer, a m\u00e3e faz um pedido para que os filhos se reencontrem. A tentativa de cumprir esse desejo ocorre durante uma romaria no interior do pa\u00eds, evento que estrutura o desenvolvimento da hist\u00f3ria e serve como ponto de converg\u00eancia dos personagens.<\/p>\n<p>A peregrina\u00e7\u00e3o re\u00fane n\u00e3o apenas os conflitos familiares, mas tamb\u00e9m quest\u00f5es ligadas \u00e0 f\u00e9, ao perd\u00e3o e \u00e0s mem\u00f3rias individuais. A trama acompanha o deslocamento f\u00edsico dos irm\u00e3os e os processos internos desencadeados pelo reencontro, com a exposi\u00e7\u00e3o de segredos e ressentimentos acumulados.<\/p>\n<p>continua depois da publicidade<\/p>\n<p>A produ\u00e7\u00e3o prev\u00ea a valoriza\u00e7\u00e3o de manifesta\u00e7\u00f5es culturais e religiosas brasileiras, com destaque para tradi\u00e7\u00f5es do Nordeste. A proposta inclui uma abordagem que contempla diferentes cren\u00e7as presentes no pa\u00eds. Embora o catolicismo seja o eixo central da narrativa, a novela pretende abordar tamb\u00e9m outras religi\u00f5es, como o espiritismo, o islamismo e o protestantismo.<\/p>\n<p>Romaria ter\u00e1 81 cap\u00edtulos, com dura\u00e7\u00e3o aproximada de 45 minutos. Ao final de cada epis\u00f3dio, est\u00e1 previsto um segmento documental com relatos reais de romeiros, conectados aos temas apresentados na fic\u00e7\u00e3o. Os roteiros s\u00e3o assinados por Leticia Wierzchowski, com dire\u00e7\u00e3o art\u00edstica de Jayme Monjardim.<\/p>\n<p>continua depois da publicidade<\/p>\n","protected":false},"excerpt":{"rendered":"Luc\u00e9lia Santos negocia um poss\u00edvel retorno \u00e0 teledramaturgia ap\u00f3s um per\u00edodo dedicado a projetos teatrais e viagens internacionais.&hellip;\n","protected":false},"author":2,"featured_media":189243,"comment_status":"","ping_status":"","sticky":false,"template":"","format":"standard","meta":{"footnotes":""},"categories":[142],"tags":[114,115,38213,32,33,151],"class_list":{"0":"post-189242","1":"post","2":"type-post","3":"status-publish","4":"format-standard","5":"has-post-thumbnail","7":"category-tv","8":"tag-entertainment","9":"tag-entretenimento","10":"tag-lucelia-santos","11":"tag-portugal","12":"tag-pt","13":"tag-tv"},"share_on_mastodon":{"url":"https:\/\/pubeurope.com\/@pt\/115723685248285256","error":""},"_links":{"self":[{"href":"https:\/\/www.europesays.com\/pt\/wp-json\/wp\/v2\/posts\/189242","targetHints":{"allow":["GET"]}}],"collection":[{"href":"https:\/\/www.europesays.com\/pt\/wp-json\/wp\/v2\/posts"}],"about":[{"href":"https:\/\/www.europesays.com\/pt\/wp-json\/wp\/v2\/types\/post"}],"author":[{"embeddable":true,"href":"https:\/\/www.europesays.com\/pt\/wp-json\/wp\/v2\/users\/2"}],"replies":[{"embeddable":true,"href":"https:\/\/www.europesays.com\/pt\/wp-json\/wp\/v2\/comments?post=189242"}],"version-history":[{"count":0,"href":"https:\/\/www.europesays.com\/pt\/wp-json\/wp\/v2\/posts\/189242\/revisions"}],"wp:featuredmedia":[{"embeddable":true,"href":"https:\/\/www.europesays.com\/pt\/wp-json\/wp\/v2\/media\/189243"}],"wp:attachment":[{"href":"https:\/\/www.europesays.com\/pt\/wp-json\/wp\/v2\/media?parent=189242"}],"wp:term":[{"taxonomy":"category","embeddable":true,"href":"https:\/\/www.europesays.com\/pt\/wp-json\/wp\/v2\/categories?post=189242"},{"taxonomy":"post_tag","embeddable":true,"href":"https:\/\/www.europesays.com\/pt\/wp-json\/wp\/v2\/tags?post=189242"}],"curies":[{"name":"wp","href":"https:\/\/api.w.org\/{rel}","templated":true}]}}