{"id":189268,"date":"2025-12-15T13:18:16","date_gmt":"2025-12-15T13:18:16","guid":{"rendered":"https:\/\/www.europesays.com\/pt\/189268\/"},"modified":"2025-12-15T13:18:16","modified_gmt":"2025-12-15T13:18:16","slug":"galaxy-s23-s23-plus-e-s23-ultra-recebem-patch-de-seguranca-de-dezembro","status":"publish","type":"post","link":"https:\/\/www.europesays.com\/pt\/189268\/","title":{"rendered":"Galaxy S23, S23 Plus e S23 Ultra recebem patch de seguran\u00e7a de dezembro"},"content":{"rendered":"<p>A <strong>Samsung <\/strong>liberou o <strong><a class=\"tg-link-manual\" href=\"https:\/\/www.oficinadanet.com.br\/samsung\/66150-samsung-detalha-correcoes-patch-seguranca-dezembro\" rel=\"nofollow noopener\" target=\"_blank\">patch de seguran\u00e7a de dezembro de 2025<\/a><\/strong> para a linha <strong>Galaxy S23<\/strong>. A atualiza\u00e7\u00e3o, <a class=\"tg-link-manual\" href=\"https:\/\/www.oficinadanet.com.br\/samsung\/66341-galaxy-s24-s24-plus-s24-ultra-recebem-patch-seguranca-dezembro\" rel=\"nofollow noopener\" target=\"_blank\">que j\u00e1 havia sido disponibilizada para a linha <strong>Galaxy S24<\/strong><\/a> e os <a class=\"tg-link-manual\" href=\"https:\/\/www.oficinadanet.com.br\/samsung\/66369-samsung-libera-patch-dezembro-para-galaxy-z-fold6-z-flip6\" rel=\"nofollow noopener\" target=\"_blank\">dobr\u00e1veis <strong>Z Fold6<\/strong> e <strong>Z Flip6<\/strong><\/a>, n\u00e3o traz mudan\u00e7as visuais ou novos recursos, mas ainda assim \u00e9 importante, j\u00e1 que corrige diversas vulnerabilidades no sistema operacional dos aparelhos.<\/p>\n<p>Linha Galaxy S23 recebe patch de dezembro<\/p>\n<p>O <a class=\"lib tg-lib\" href=\"https:\/\/www.oficinadanet.com.br\/android\/48466-como-funciona-o-security-patch-do-android\" rel=\"nofollow noopener\" target=\"_blank\">patch de seguran\u00e7a<\/a> de dezembro est\u00e1 sendo distribu\u00eddo para o <strong>Galaxy S23<\/strong>, <strong>S23 Plus<\/strong> e <strong>S23 Ultra <\/strong>vendido na Coreia do Sul, mas se nenhum problema for identificado durante essa fase inicial, a expectativa \u00e9 de que a atualiza\u00e7\u00e3o chegue em breve a outros mercados, incluindo o Brasil.<\/p>\n<p>A nova vers\u00e3o, identificada pelo firmware &#8220;<strong>S918NKSS6EYL1 <\/strong>&#8220;, corrige <strong>57 vulnerabilidades de seguran\u00e7a<\/strong>, incluindo brechas em softwares internos e componentes do <a class=\"lib tg-lib\" href=\"https:\/\/www.oficinadanet.com.br\/android\" rel=\"nofollow noopener\" target=\"_blank\">Android<\/a>, o que reduz riscos de invas\u00f5es, spyware e falhas que poderiam comprometer dados pessoais.<\/p>\n<p><a class=\"tg-link-manual\" href=\"https:\/\/www.oficinadanet.com.br\/samsung\/64606-one-ui-8-5-samsung-novos-recursos\" rel=\"nofollow noopener\" target=\"_blank\">Vale lembrar que a linha <strong>Galaxy S23 <\/strong>tamb\u00e9m vai receber a <strong>One UI 8.5<\/strong><\/a>. A pr\u00f3xima interface da <strong>Samsung<\/strong>, <a class=\"tg-link-manual\" href=\"https:\/\/www.oficinadanet.com.br\/smartphones\/66264-one-ui-8-5-beta-chega-novidades-recursos\" rel=\"nofollow noopener\" target=\"_blank\">que j\u00e1 est\u00e1 em fase beta na linha <strong>Galaxy S25<\/strong><\/a>, deve estrear um <strong>novo visual com vidro fosco, menus flutuantes e \u00edcones 3D<\/strong>, sinalizando uma transi\u00e7\u00e3o est\u00e9tica ainda mais moderna para o ecossistema Galaxy.<\/p>\n<p>Como atualizar<\/p>\n<p>Se voc\u00ea tem um <strong>Galaxy S23<\/strong>,<strong> S23 Plus <\/strong>ou <strong>S23 Ultra<\/strong>, pode verificar se a atualiza\u00e7\u00e3o j\u00e1 est\u00e1 dispon\u00edvel para o seu aparelho. Para isso, siga os passos:<\/p>\n<ol>\n<li>Abra as <strong>Configura\u00e7\u00f5es<\/strong> do celular;<\/li>\n<li>Toque em <strong>Atualiza\u00e7\u00e3o de software<\/strong>;<\/li>\n<li>Selecione <strong>Baixar e instalar<\/strong>.<\/li>\n<\/ol>\n<p>\ud83d\udca1 <strong>Dica<\/strong>: fa\u00e7a o download com Wi-Fi e mantenha o celular carregando durante o processo, que pode levar cerca de 15 minutos.<\/p>\n<p>Caso a atualiza\u00e7\u00e3o ainda n\u00e3o apare\u00e7a, vale aguardar mais alguns dias, pois a <strong>Samsung <\/strong>costuma liberar os pacotes em ondas, por regi\u00e3o.<\/p>\n<p><a class=\"tg-link-manual\" href=\"https:\/\/www.oficinadanet.com.br\/Como%20atualizar%20Se%20voc%C3%AA%20tem%20um%20Galaxy%20S24,%20S24%20Plus%20ou%20S24%20Ultra,%20pode%20verificar%20se%20a%20atualiza%C3%A7%C3%A3o%20j%C3%A1%20est%C3%A1%20dispon%C3%ADvel%20para%20o%20seu%20aparelho.%20Para%20isso,%20siga%20os%20passos:%20%20Abra%20as%20Configura%C3%A7%C3%B5es%20do%20celular;%20Toque%20em%20Atualiza%C3%A7%C3%A3o%20de%20software;%20Selecione%20Baixar%20e%20instalar.%20%F0%9F%92%A1%20Dica:%20fa%C3%A7a%20o%20download%20com%20Wi-Fi%20e%20mantenha%20o%20celular%20carregando%20durante%20o%20processo,%20que%20pode%20levar%20cerca%20de%2015%20minutos.%20Caso%20a%20atualiza%C3%A7%C3%A3o%20ainda%20n%C3%A3o%20apare%C3%A7a,%20vale%20aguardar%20mais%20alguns%20dias,%20pois%20a%20Samsung%20costuma%20liberar%20os%20pacotes%20em%20ondas,%20por%20regi%C3%A3o.\" rel=\"nofollow noopener\" target=\"_blank\">Via<\/a><\/p>\n","protected":false},"excerpt":{"rendered":"A Samsung liberou o patch de seguran\u00e7a de dezembro de 2025 para a linha Galaxy S23. A atualiza\u00e7\u00e3o,&hellip;\n","protected":false},"author":2,"featured_media":189269,"comment_status":"","ping_status":"","sticky":false,"template":"","format":"standard","meta":{"footnotes":""},"categories":[84],"tags":[109,107,108,38220,38221,38222,13,36123,32,33,952,105,103,104,954,106,110],"class_list":{"0":"post-189268","1":"post","2":"type-post","3":"status-publish","4":"format-standard","5":"has-post-thumbnail","7":"category-ciencia-e-tecnologia","8":"tag-ciencia","9":"tag-ciencia-e-tecnologia","10":"tag-cienciaetecnologia","11":"tag-galaxy-s23","12":"tag-galaxy-s23-plus","13":"tag-galaxy-s23-ultra","14":"tag-noticias","15":"tag-patch-de-seguranca","16":"tag-portugal","17":"tag-pt","18":"tag-samsung","19":"tag-science","20":"tag-science-and-technology","21":"tag-scienceandtechnology","22":"tag-smartphones","23":"tag-technology","24":"tag-tecnologia"},"share_on_mastodon":{"url":"https:\/\/pubeurope.com\/@pt\/115723783546042536","error":""},"_links":{"self":[{"href":"https:\/\/www.europesays.com\/pt\/wp-json\/wp\/v2\/posts\/189268","targetHints":{"allow":["GET"]}}],"collection":[{"href":"https:\/\/www.europesays.com\/pt\/wp-json\/wp\/v2\/posts"}],"about":[{"href":"https:\/\/www.europesays.com\/pt\/wp-json\/wp\/v2\/types\/post"}],"author":[{"embeddable":true,"href":"https:\/\/www.europesays.com\/pt\/wp-json\/wp\/v2\/users\/2"}],"replies":[{"embeddable":true,"href":"https:\/\/www.europesays.com\/pt\/wp-json\/wp\/v2\/comments?post=189268"}],"version-history":[{"count":0,"href":"https:\/\/www.europesays.com\/pt\/wp-json\/wp\/v2\/posts\/189268\/revisions"}],"wp:featuredmedia":[{"embeddable":true,"href":"https:\/\/www.europesays.com\/pt\/wp-json\/wp\/v2\/media\/189269"}],"wp:attachment":[{"href":"https:\/\/www.europesays.com\/pt\/wp-json\/wp\/v2\/media?parent=189268"}],"wp:term":[{"taxonomy":"category","embeddable":true,"href":"https:\/\/www.europesays.com\/pt\/wp-json\/wp\/v2\/categories?post=189268"},{"taxonomy":"post_tag","embeddable":true,"href":"https:\/\/www.europesays.com\/pt\/wp-json\/wp\/v2\/tags?post=189268"}],"curies":[{"name":"wp","href":"https:\/\/api.w.org\/{rel}","templated":true}]}}