{"id":189270,"date":"2025-12-15T13:21:25","date_gmt":"2025-12-15T13:21:25","guid":{"rendered":"https:\/\/www.europesays.com\/pt\/189270\/"},"modified":"2025-12-15T13:21:25","modified_gmt":"2025-12-15T13:21:25","slug":"joao-cancelo-revolta-se-durante-voo-e-ameaca-outro-passageiro-vou-te-aleijar-veja-o-video-do-momento-celebridades","status":"publish","type":"post","link":"https:\/\/www.europesays.com\/pt\/189270\/","title":{"rendered":"Jo\u00e3o Cancelo revolta-se durante voo e amea\u00e7a outro passageiro: &#8220;Vou-te aleijar&#8221;. Veja o v\u00eddeo do momento &#8211; Celebridades"},"content":{"rendered":"<p>Um v\u00eddeo que est\u00e1 a circular pelo X mostra Jo\u00e3o Cancelo numa troca tensa de palavras, durante um voo. O jogador de futebol portugu\u00eas estava a ser gravado por um homem quando acabou por perder a calma.<\/p>\n<p>No v\u00eddeo de 11 segundos, pode ver-se o futebolista a caminhar pelo corredor do avi\u00e3o e a abordar quem o estava a gravar. &#8220;O que \u00e9 que foi, c*ralho? O que \u00e9 que foi?&#8221;, atira, desde logo, ainda que n\u00e3o fique claro o motivo, que poder\u00e1 passar por estar a ser gravado sem consentimento, revoltando-se com a falta de privacidade.<\/p>\n<p><strong>&#8220;Se precisaste de vir aqui s\u00f3 para dizeres merda, vou-te aleijar, c*ralho. O que \u00e9 que foi?&#8221;<\/strong>, continua o natural do Barreiro, que atualmente joga pelo Al Hilal e pela Sele\u00e7\u00e3o Portuguesa, j\u00e1 com o punho no ar e com uma express\u00e3o de poucos amigos.<\/p>\n<p>Depois da amea\u00e7a, Cancelo pega no telem\u00f3vel da pessoa e o v\u00eddeo termina. At\u00e9 ao momento, n\u00e3o se sabe o que ter\u00e1 motivado o jogador a ter esta rea\u00e7\u00e3o destemperada ou o que aconteceu depois. No v\u00eddeo, tamb\u00e9m n\u00e3o \u00e9 claro o que diz o passageiro.<\/p>\n","protected":false},"excerpt":{"rendered":"Um v\u00eddeo que est\u00e1 a circular pelo X mostra Jo\u00e3o Cancelo numa troca tensa de palavras, durante um&hellip;\n","protected":false},"author":2,"featured_media":189271,"comment_status":"","ping_status":"","sticky":false,"template":"","format":"standard","meta":{"footnotes":""},"categories":[10],"tags":[27,28,15,16,14,25,26,21,22,12,13,19,20,32,23,24,33,17,18,29,30,31],"class_list":{"0":"post-189270","1":"post","2":"type-post","3":"status-publish","4":"format-standard","5":"has-post-thumbnail","7":"category-portugal","8":"tag-breaking-news","9":"tag-breakingnews","10":"tag-featured-news","11":"tag-featurednews","12":"tag-headlines","13":"tag-latest-news","14":"tag-latestnews","15":"tag-main-news","16":"tag-mainnews","17":"tag-news","18":"tag-noticias","19":"tag-noticias-principais","20":"tag-noticiasprincipais","21":"tag-portugal","22":"tag-principais-noticias","23":"tag-principaisnoticias","24":"tag-pt","25":"tag-top-stories","26":"tag-topstories","27":"tag-ultimas","28":"tag-ultimas-noticias","29":"tag-ultimasnoticias"},"share_on_mastodon":{"url":"https:\/\/pubeurope.com\/@pt\/115723795845152873","error":""},"_links":{"self":[{"href":"https:\/\/www.europesays.com\/pt\/wp-json\/wp\/v2\/posts\/189270","targetHints":{"allow":["GET"]}}],"collection":[{"href":"https:\/\/www.europesays.com\/pt\/wp-json\/wp\/v2\/posts"}],"about":[{"href":"https:\/\/www.europesays.com\/pt\/wp-json\/wp\/v2\/types\/post"}],"author":[{"embeddable":true,"href":"https:\/\/www.europesays.com\/pt\/wp-json\/wp\/v2\/users\/2"}],"replies":[{"embeddable":true,"href":"https:\/\/www.europesays.com\/pt\/wp-json\/wp\/v2\/comments?post=189270"}],"version-history":[{"count":0,"href":"https:\/\/www.europesays.com\/pt\/wp-json\/wp\/v2\/posts\/189270\/revisions"}],"wp:featuredmedia":[{"embeddable":true,"href":"https:\/\/www.europesays.com\/pt\/wp-json\/wp\/v2\/media\/189271"}],"wp:attachment":[{"href":"https:\/\/www.europesays.com\/pt\/wp-json\/wp\/v2\/media?parent=189270"}],"wp:term":[{"taxonomy":"category","embeddable":true,"href":"https:\/\/www.europesays.com\/pt\/wp-json\/wp\/v2\/categories?post=189270"},{"taxonomy":"post_tag","embeddable":true,"href":"https:\/\/www.europesays.com\/pt\/wp-json\/wp\/v2\/tags?post=189270"}],"curies":[{"name":"wp","href":"https:\/\/api.w.org\/{rel}","templated":true}]}}