{"id":189300,"date":"2025-12-15T13:44:14","date_gmt":"2025-12-15T13:44:14","guid":{"rendered":"https:\/\/www.europesays.com\/pt\/189300\/"},"modified":"2025-12-15T13:44:14","modified_gmt":"2025-12-15T13:44:14","slug":"pr-amplia-em-70-atendimento-de-pessoas-com-doenca-pulmonar-obstrutiva-cronica","status":"publish","type":"post","link":"https:\/\/www.europesays.com\/pt\/189300\/","title":{"rendered":"\u200bPR amplia em 70% atendimento de pessoas com Doen\u00e7a Pulmonar Obstrutiva Cr\u00f4nica"},"content":{"rendered":"<p>Levantamento da Secretaria de Estado da Sa\u00fade (Sesa) aponta um crescimento de 57,5% nos atendimentos individuais na Aten\u00e7\u00e3o Prim\u00e1ria \u00e0 Sa\u00fade (APS) de casos de Doen\u00e7a Pulmonar Obstrutiva Cr\u00f4nica (DPOC) entre 2022 e 2024 no Paran\u00e1. O n\u00famero de usu\u00e1rios cadastrados atendidos com medicamentos do Componente Especializado da Assist\u00eancia Farmac\u00eautica (Ceaf) da Sesa tamb\u00e9m cresceu 70,1% nesse per\u00edodo.<\/p>\n<p>Segundo dados do Sistema de Informa\u00e7\u00e3o em Sa\u00fade para a Aten\u00e7\u00e3o B\u00e1sica (Sisab) do Minist\u00e9rio da Sa\u00fade, em 2022 foram 50.358 registros relacionados \u00e0 DPOC no estado. Esse n\u00famero saltou para 79.330 em 2024, um crescimento de 57,5% no per\u00edodo. De janeiro a setembro de 2025, j\u00e1 foram contabilizados 57.948 atendimentos.<\/p>\n<p>Em rela\u00e7\u00e3o ao n\u00famero de usu\u00e1rios cadastrados para o tratamento da doen\u00e7a, que utilizam os medicamentos do componente especializado da assist\u00eancia farmac\u00eautica sob gest\u00e3o da Sesa, o levantamento aponta um crescimento de 15.884 em 2022 para 27.025 em 2024, uma amplia\u00e7\u00e3o de atendimento de 70,1%. Agora, em 2025, s\u00e3o 29.960 pacientes atendidos pelo protocolo cl\u00ednico vigente e elaborado pelo Minist\u00e9rio da Sa\u00fade.<\/p>\n<p>Entre 2022 e 2025, j\u00e1 foram dispensados mais de 9,9 milh\u00f5es de unidades de medicamentos inalat\u00f3rios com investimento de mais de R$ 79,6 milh\u00f5es. \u200bEntre os f\u00e1rmacos utilizados para o tratamento da DPOC dispon\u00edveis pelo Ceaf est\u00e3o budesonida, formoterol, tiotr\u00f3pio, olodaterol, umeclid\u00ednio e vilanterol em diferentes posologias, formatos e combina\u00e7\u00f5es.<\/p>\n<p>O secret\u00e1rio de Estado da Sa\u00fade, Beto Preto, destacou a relev\u00e2ncia do cuidado cont\u00ednuo e da aten\u00e7\u00e3o prim\u00e1ria no enfrentamento da doen\u00e7a. &#8220;Os n\u00fameros mostram que a popula\u00e7\u00e3o paranaense est\u00e1 buscando mais o atendimento em nossa rede de sa\u00fade, o que \u00e9 fundamental para o diagn\u00f3stico e manejo da Doen\u00e7a Pulmonar Obstrutiva Cr\u00f4nica. No entanto, a preven\u00e7\u00e3o \u00e9 a nossa maior aliada. O tabagismo \u00e9 a principal causa da DPOC e \u00e9 por isso que investimos tanto em nosso Programa Estadual de Controle do Tabagismo (PECT)&#8221;, observou.<\/p>\n<p>A DPOC, que engloba o enfisema pulmonar e a bronquite cr\u00f4nica, \u00e9 uma condi\u00e7\u00e3o respirat\u00f3ria grave, incapacitante e de alta letalidade, sendo o tabagismo o principal fator de risco evit\u00e1vel. A Sesa refor\u00e7a a import\u00e2ncia da preven\u00e7\u00e3o, do diagn\u00f3stico precoce e do tratamento adequado para a doen\u00e7a que afeta milh\u00f5es de pessoas no mundo.<\/p>\n<p>A Diretora de Aten\u00e7\u00e3o e Vigil\u00e2ncia da Sesa, Maria Goretti David Lopes, ressaltou a import\u00e2ncia do programa e a estrutura de apoio oferecida pelo Sistema \u00danico de Sa\u00fade (SUS) no Paran\u00e1. &#8220;O tabagismo \u00e9 uma doen\u00e7a cr\u00f4nica e o usu\u00e1rio de produtos de tabaco \u00e9 exposto continuamente a milhares de subst\u00e2ncias t\u00f3xicas. Pelo PECT, o Paran\u00e1 desenvolve a\u00e7\u00f5es de promo\u00e7\u00e3o da sa\u00fade, preven\u00e7\u00e3o e, principalmente, o cuidado da pessoa tabagista no SUS&#8221;, explicou.<\/p>\n<p>O atendimento do Programa Estadual de Controle do Tabagismo \u00e9 feito prioritariamente nas Unidades B\u00e1sicas de Sa\u00fade (UBS), por equipes multiprofissionais que utilizam a abordagem cognitiva comportamental e, se necess\u00e1rio, o apoio medicamentoso. Atualmente, 1.150 estabelecimentos est\u00e3o cadastrados e habilitados para realizar o programa para o cuidado da popula\u00e7\u00e3o paranaense. Os locais podem ser consultados <strong><a href=\"https:\/\/www.saude.pr.gov.br\/sites\/default\/arquivos_restritos\/files\/documento\/2021-11\/CNES%20-%20Servi%C3%A7o%20Especializado%20-%20SERVI%C3%87O%20DE%20CONTROLE%20DE%20TABAGISMO.pdf\" rel=\"nofollow noopener\" target=\"_blank\">aqui<\/a>.<\/strong><\/p>\n<p><strong>\u200bA DPOC &#8211; <\/strong>A Doen\u00e7a Pulmonar Obstrutiva Cr\u00f4nica \u00e9 uma doen\u00e7a progressiva e irrevers\u00edvel, caracterizada pela obstru\u00e7\u00e3o persistente das vias a\u00e9reas. Al\u00e9m do tabagismo ativo, a exposi\u00e7\u00e3o ao fumo passivo, \u00e0 polui\u00e7\u00e3o do ar e a poeiras e produtos qu\u00edmicos no ambiente de trabalho tamb\u00e9m s\u00e3o fatores de risco.\u200b\u00a0Os principais sintomas s\u00e3o falta de ar, tosse cr\u00f4nica, secre\u00e7\u00e3o, chiado no peito, sensa\u00e7\u00e3o de peso ou aperto no peito e cansa\u00e7o frequente.<\/p>\n<p><strong>\u200bCOMPLICA\u00c7\u00d5ES &#8211; <\/strong>A DPOC n\u00e3o afeta apenas os pulm\u00f5es. Os fatores de risco, especialmente quando associados \u00e0 evolu\u00e7\u00e3o cr\u00f4nica da doen\u00e7a, podem desencadear complica\u00e7\u00f5es mais graves, como a Hipertens\u00e3o Pulmonar (HP). A HP \u00e9 uma condi\u00e7\u00e3o em que a press\u00e3o nos vasos sangu\u00edneos dos pulm\u00f5es fica perigosamente alta, sobrecarregando o cora\u00e7\u00e3o. Essa \u00e9 uma complica\u00e7\u00e3o frequente da DPOC e est\u00e1 ligada a um pior progn\u00f3stico, refor\u00e7ando assim a necessidade de diagn\u00f3stico e tratamento precoces.<\/p>\n<p>A Sesa orienta que pessoas com sintomas como falta de ar progressiva, tosse cr\u00f4nica e produ\u00e7\u00e3o excessiva de muco procurem a Unidade B\u00e1sica de Sa\u00fade mais pr\u00f3xima para avalia\u00e7\u00e3o e, se necess\u00e1rio, iniciar o tratamento e o acompanhamento pelo PECT. O diagn\u00f3stico precoce e a interrup\u00e7\u00e3o do tabagismo s\u00e3o cruciais para retardar a progress\u00e3o da doen\u00e7a e melhorar a qualidade de vida.<\/p>\n<p>O PECT, alinhado \u00e0s diretrizes do Instituto Nacional de C\u00e2ncer (Inca), tem como foco a cessa\u00e7\u00e3o do tabagismo, que \u00e9 o fator de risco isolado mais importante de doen\u00e7as graves e fatais, incluindo a DPOC. O programa desenvolve a\u00e7\u00f5es de promo\u00e7\u00e3o da sa\u00fade, preven\u00e7\u00e3o \u00e0 inicia\u00e7\u00e3o ao uso do tabaco e o cuidado da pessoa tabagista no SUS. O atendimento \u00e0 pessoa tabagista \u00e9 realizado prioritariamente nas Unidades B\u00e1sicas de Sa\u00fade (UBS), por equipes multiprofissionais compostas por m\u00e9dicos, enfermeiros, cirurgi\u00f5es dentistas, psic\u00f3logos, assistentes sociais, farmac\u00eauticos, nutricionistas e outros.<\/p>\n<p><strong>\u200bCOMO FUNCIONA O PECT &#8211; <\/strong>O Programa Estadual de Controle do Tabagismo tem como eixo principal a abordagem cognitiva comportamental e o apoio medicamentoso quando indicado. Depois da avalia\u00e7\u00e3o cl\u00ednica, os grupos s\u00e3o organizados e coordenados por profissionais capacitados que desenvolvem estrat\u00e9gias para promover mudan\u00e7a de comportamento e h\u00e1bitos saud\u00e1veis de vida, sendo a condu\u00e7\u00e3o do grupo por uma dupla de profissionais de sa\u00fade de n\u00edvel superior.<\/p>\n<p>No primeiro m\u00eas de tratamento, s\u00e3o feitas reuni\u00f5es semanais. No segundo, reuni\u00f5es quinzenais e, do terceiro ao 12\u00ba m\u00eas, reuni\u00f5es mensais de acompanhamento para o fortalecimento da cessa\u00e7\u00e3o.<\/p>\n","protected":false},"excerpt":{"rendered":"Levantamento da Secretaria de Estado da Sa\u00fade (Sesa) aponta um crescimento de 57,5% nos atendimentos individuais na Aten\u00e7\u00e3o&hellip;\n","protected":false},"author":2,"featured_media":189301,"comment_status":"","ping_status":"","sticky":false,"template":"","format":"standard","meta":{"footnotes":""},"categories":[86],"tags":[116,32,33,117],"class_list":{"0":"post-189300","1":"post","2":"type-post","3":"status-publish","4":"format-standard","5":"has-post-thumbnail","7":"category-saude","8":"tag-health","9":"tag-portugal","10":"tag-pt","11":"tag-saude"},"share_on_mastodon":{"url":"https:\/\/pubeurope.com\/@pt\/115723885959928769","error":""},"_links":{"self":[{"href":"https:\/\/www.europesays.com\/pt\/wp-json\/wp\/v2\/posts\/189300","targetHints":{"allow":["GET"]}}],"collection":[{"href":"https:\/\/www.europesays.com\/pt\/wp-json\/wp\/v2\/posts"}],"about":[{"href":"https:\/\/www.europesays.com\/pt\/wp-json\/wp\/v2\/types\/post"}],"author":[{"embeddable":true,"href":"https:\/\/www.europesays.com\/pt\/wp-json\/wp\/v2\/users\/2"}],"replies":[{"embeddable":true,"href":"https:\/\/www.europesays.com\/pt\/wp-json\/wp\/v2\/comments?post=189300"}],"version-history":[{"count":0,"href":"https:\/\/www.europesays.com\/pt\/wp-json\/wp\/v2\/posts\/189300\/revisions"}],"wp:featuredmedia":[{"embeddable":true,"href":"https:\/\/www.europesays.com\/pt\/wp-json\/wp\/v2\/media\/189301"}],"wp:attachment":[{"href":"https:\/\/www.europesays.com\/pt\/wp-json\/wp\/v2\/media?parent=189300"}],"wp:term":[{"taxonomy":"category","embeddable":true,"href":"https:\/\/www.europesays.com\/pt\/wp-json\/wp\/v2\/categories?post=189300"},{"taxonomy":"post_tag","embeddable":true,"href":"https:\/\/www.europesays.com\/pt\/wp-json\/wp\/v2\/tags?post=189300"}],"curies":[{"name":"wp","href":"https:\/\/api.w.org\/{rel}","templated":true}]}}