{"id":189314,"date":"2025-12-15T13:54:08","date_gmt":"2025-12-15T13:54:08","guid":{"rendered":"https:\/\/www.europesays.com\/pt\/189314\/"},"modified":"2025-12-15T13:54:08","modified_gmt":"2025-12-15T13:54:08","slug":"estas-sao-as-imagens-da-discussao-entre-marisa-e-liliana-que-obrigou-a-voz-e-pedro-a-intervirem-secret-story","status":"publish","type":"post","link":"https:\/\/www.europesays.com\/pt\/189314\/","title":{"rendered":"Estas s\u00e3o as imagens da discuss\u00e3o entre Marisa e Liliana que obrigou a Voz e Pedro a intervirem &#8211; Secret Story"},"content":{"rendered":"<p>\n                    A Cadeira Quente explodiu com a discuss\u00e3o entre Marisa e Liliana, quando Pedro agarrou Marisa por um dedo, obrigando a Voz a intervir para travar o confronto.\n                <\/p>\n<p data-end=\"636\" data-start=\"184\">A Cadeira Quente atingiu um dos momentos mais tensos da noite quando a discuss\u00e3o passou a envolver os <strong data-end=\"316\" data-start=\"288\">filhos de Marisa e Pedro<\/strong>. Ap\u00f3s coment\u00e1rios de Liliana sobre a rela\u00e7\u00e3o do casal e refer\u00eancias diretas aos filhos, Marisa exaltou-se e deixou claro que esse tema n\u00e3o podia voltar a ser abordado. No meio do confronto, Pedro tentou travar a situa\u00e7\u00e3o e acabou por <strong data-end=\"581\" data-start=\"551\">agarrar Marisa por um dedo<\/strong>, num gesto que gerou ainda mais tens\u00e3o dentro da Casa.<\/p>\n<p data-end=\"1073\" data-is-last-node=\"\" data-is-only-node=\"\" data-start=\"638\">Perante o clima de conflito e o escalar da discuss\u00e3o, <strong data-end=\"725\" data-start=\"692\">a Voz foi obrigada a intervir<\/strong>, pedindo conten\u00e7\u00e3o aos concorrentes e tentando recentrar a din\u00e2mica. Marisa refor\u00e7ou que n\u00e3o admite que os filhos sejam usados em confrontos dentro do jogo, enquanto Pedro exigiu respeito e pediu que esse limite fosse cumprido. O momento marcou a Cadeira Quente e deixou claro que o tema dos filhos ultrapassou a linha do aceit\u00e1vel para o casal.<\/p>\n","protected":false},"excerpt":{"rendered":"A Cadeira Quente explodiu com a discuss\u00e3o entre Marisa e Liliana, quando Pedro agarrou Marisa por um dedo,&hellip;\n","protected":false},"author":2,"featured_media":189315,"comment_status":"","ping_status":"","sticky":false,"template":"","format":"standard","meta":{"footnotes":""},"categories":[142],"tags":[114,115,18672,18673,18674,19016,19184,14646,32,33,151,3859],"class_list":{"0":"post-189314","1":"post","2":"type-post","3":"status-publish","4":"format-standard","5":"has-post-thumbnail","7":"category-tv","8":"tag-entertainment","9":"tag-entretenimento","10":"tag-fotos-oficiais-secret-story","11":"tag-galerias-casa-dos-segredos","12":"tag-imagens-concorrentes-tvi","13":"tag-liliana","14":"tag-marisa","15":"tag-pedro","16":"tag-portugal","17":"tag-pt","18":"tag-tv","19":"tag-voz"},"share_on_mastodon":{"url":"https:\/\/pubeurope.com\/@pt\/115723925381212771","error":""},"_links":{"self":[{"href":"https:\/\/www.europesays.com\/pt\/wp-json\/wp\/v2\/posts\/189314","targetHints":{"allow":["GET"]}}],"collection":[{"href":"https:\/\/www.europesays.com\/pt\/wp-json\/wp\/v2\/posts"}],"about":[{"href":"https:\/\/www.europesays.com\/pt\/wp-json\/wp\/v2\/types\/post"}],"author":[{"embeddable":true,"href":"https:\/\/www.europesays.com\/pt\/wp-json\/wp\/v2\/users\/2"}],"replies":[{"embeddable":true,"href":"https:\/\/www.europesays.com\/pt\/wp-json\/wp\/v2\/comments?post=189314"}],"version-history":[{"count":0,"href":"https:\/\/www.europesays.com\/pt\/wp-json\/wp\/v2\/posts\/189314\/revisions"}],"wp:featuredmedia":[{"embeddable":true,"href":"https:\/\/www.europesays.com\/pt\/wp-json\/wp\/v2\/media\/189315"}],"wp:attachment":[{"href":"https:\/\/www.europesays.com\/pt\/wp-json\/wp\/v2\/media?parent=189314"}],"wp:term":[{"taxonomy":"category","embeddable":true,"href":"https:\/\/www.europesays.com\/pt\/wp-json\/wp\/v2\/categories?post=189314"},{"taxonomy":"post_tag","embeddable":true,"href":"https:\/\/www.europesays.com\/pt\/wp-json\/wp\/v2\/tags?post=189314"}],"curies":[{"name":"wp","href":"https:\/\/api.w.org\/{rel}","templated":true}]}}