{"id":189320,"date":"2025-12-15T13:57:23","date_gmt":"2025-12-15T13:57:23","guid":{"rendered":"https:\/\/www.europesays.com\/pt\/189320\/"},"modified":"2025-12-15T13:57:23","modified_gmt":"2025-12-15T13:57:23","slug":"nao-e-nada-de-extraordinario","status":"publish","type":"post","link":"https:\/\/www.europesays.com\/pt\/189320\/","title":{"rendered":"\u00abN\u00e3o \u00e9 nada de extraordin\u00e1rio\u00bb"},"content":{"rendered":"<p>&#8211; Advertisement &#8211;<\/p>\n<p><strong>Jos\u00e9 Mourinho falou sobre v\u00e1rios temas em confer\u00eancia de imprensa. Benfica venceu o Moreirense por 4-0 na Primeira Liga.<\/strong><\/p>\n<p>Jos\u00e9 Mourinho esteve presente na confer\u00eancia de imprensa ap\u00f3s a <a href=\"https:\/\/bolanarede.pt\/especial-bola-na-rede\/atualidade\/vangelis-pavlidis-aponta-hat-trick-e-benfica-aplica-goleada-sobre-o-moreirense\/\" target=\"_blank\" rel=\"noreferrer noopener nofollow\">vit\u00f3ria do Benfica sobre o Moreirense por 4-0 na Primeira Liga<\/a>. O t\u00e9cnico das \u00e1guias falou sobre a les\u00e3o de Leandro Barreiro, que foi substitu\u00eddo ao intervalo por Rodrigo R\u00eago:<\/p>\n<p>\u00abA nossa equipa est\u00e1 s\u00f3lida com o Barreiro naquela posi\u00e7\u00e3o. Teve de sair por les\u00e3o, conseguiu o sacrif\u00edcio de ficar em campo at\u00e9 ao intervalo para n\u00e3o queimar um per\u00edodo de substitui\u00e7\u00e3o. A situa\u00e7\u00e3o do Barreiro \u00e9 perigosa, foi \u00e0 minha frente e temi que fosse importante. Mas foi importante o suficiente para sair\u00bb.<\/p>\n<p>Jos\u00e9 Mourinho disse ainda:<\/p>\n<p>\u00abNeste momento, n\u00e3o sei detalhes. Eu pedi-lhe para aguentar, ao intervalo o doutor e ele disseram que aquilo ia come\u00e7ar a inchar e n\u00e3o ia dar e que tinha de ser substitu\u00eddo. Se calhar em Faro n\u00e3o, mas penso que no fim de semana sim. N\u00e3o \u00e9 nada de extraordin\u00e1rio\u00bb.<\/p>\n<p>Podes ler <a href=\"https:\/\/bolanarede.pt\/especial-bola-na-rede\/atualidade\/jose-mourinho-apos-nova-vitoria-do-benfica-temos-tido-a-capacidade-de-esconder-algumas-limitacoes-que-temos-de-evoluir-nas-coisas-boas\/\" target=\"_blank\" rel=\"noreferrer noopener nofollow\">mais declara\u00e7\u00f5es de Jos\u00e9 Mourinho logo ap\u00f3s o final do encontro<\/a>.<\/p>\n","protected":false},"excerpt":{"rendered":"&#8211; Advertisement &#8211; Jos\u00e9 Mourinho falou sobre v\u00e1rios temas em confer\u00eancia de imprensa. Benfica venceu o Moreirense por&hellip;\n","protected":false},"author":2,"featured_media":183622,"comment_status":"","ping_status":"","sticky":false,"template":"","format":"standard","meta":{"footnotes":""},"categories":[87],"tags":[260,51,135,478,1385,30300,32,479,33,134],"class_list":{"0":"post-189320","1":"post","2":"type-post","3":"status-publish","4":"format-standard","5":"has-post-thumbnail","7":"category-desporto","8":"tag-atualidade","9":"tag-benfica","10":"tag-desporto","11":"tag-destaques-bnr","12":"tag-jose-mourinho","13":"tag-leandro-barreiro","14":"tag-portugal","15":"tag-primeira-liga","16":"tag-pt","17":"tag-sports"},"share_on_mastodon":{"url":"https:\/\/pubeurope.com\/@pt\/115723937045658821","error":""},"_links":{"self":[{"href":"https:\/\/www.europesays.com\/pt\/wp-json\/wp\/v2\/posts\/189320","targetHints":{"allow":["GET"]}}],"collection":[{"href":"https:\/\/www.europesays.com\/pt\/wp-json\/wp\/v2\/posts"}],"about":[{"href":"https:\/\/www.europesays.com\/pt\/wp-json\/wp\/v2\/types\/post"}],"author":[{"embeddable":true,"href":"https:\/\/www.europesays.com\/pt\/wp-json\/wp\/v2\/users\/2"}],"replies":[{"embeddable":true,"href":"https:\/\/www.europesays.com\/pt\/wp-json\/wp\/v2\/comments?post=189320"}],"version-history":[{"count":0,"href":"https:\/\/www.europesays.com\/pt\/wp-json\/wp\/v2\/posts\/189320\/revisions"}],"wp:featuredmedia":[{"embeddable":true,"href":"https:\/\/www.europesays.com\/pt\/wp-json\/wp\/v2\/media\/183622"}],"wp:attachment":[{"href":"https:\/\/www.europesays.com\/pt\/wp-json\/wp\/v2\/media?parent=189320"}],"wp:term":[{"taxonomy":"category","embeddable":true,"href":"https:\/\/www.europesays.com\/pt\/wp-json\/wp\/v2\/categories?post=189320"},{"taxonomy":"post_tag","embeddable":true,"href":"https:\/\/www.europesays.com\/pt\/wp-json\/wp\/v2\/tags?post=189320"}],"curies":[{"name":"wp","href":"https:\/\/api.w.org\/{rel}","templated":true}]}}