{"id":189370,"date":"2025-12-15T14:38:08","date_gmt":"2025-12-15T14:38:08","guid":{"rendered":"https:\/\/www.europesays.com\/pt\/189370\/"},"modified":"2025-12-15T14:38:08","modified_gmt":"2025-12-15T14:38:08","slug":"kathryn-hahn-expressa-otimismo-ao-abordar-expectativas-para-futuro-de-agatha-harkness-no-mcu","status":"publish","type":"post","link":"https:\/\/www.europesays.com\/pt\/189370\/","title":{"rendered":"Kathryn Hahn expressa otimismo ao abordar expectativas para futuro de Agatha Harkness no MCU"},"content":{"rendered":"<p class=\"wp-block-yoast-seo-estimated-reading-time yoast-reading-time__wrapper\">Estimated reading time: 2 minutos<\/p>\n<p>Com um papel de destaque na atual temporada de pr\u00eamios ao participar da s\u00e9rie <strong>O Est\u00fadio<\/strong>,<a href=\"https:\/\/ovicio.com.br\/tag\/kathryn-hahn\" target=\"_blank\" rel=\"noreferrer noopener nofollow\"> Kathryn Hahn<\/a> admite que ainda est\u00e1 esperan\u00e7osa para um futuro como <a href=\"https:\/\/ovicio.com.br\/tag\/agatha-harkness\" target=\"_blank\" rel=\"noreferrer noopener nofollow\">Agatha Harkness<\/a> no MCU.<\/p>\n<p>Tendo se tornado um fantasma durante os eventos finais de sua pr\u00f3pria s\u00e9rie para o <a href=\"https:\/\/ovicio.com.br\/tag\/disneyplus\" target=\"_blank\" rel=\"noreferrer noopener nofollow\">Disney+<\/a>, em entrevista ao Collider, a estrela revela que adoraria contracenar com <a href=\"https:\/\/ovicio.com.br\/tag\/aubrey-plaza\" target=\"_blank\" rel=\"noreferrer noopener nofollow\">Aubrey Plaza<\/a> (Morte) novamente.<\/p>\n<p><strong>&#8220;Os f\u00e3s daquela s\u00e9rie me emocionam muito e s\u00e3o t\u00e3o apaixonados. O trabalho que eu e Aubrey fizemos juntas naquela s\u00e9rie, guardarei para sempre no meu cora\u00e7\u00e3o. Acho que nenhuma de n\u00f3s imaginou que isso teria tanto impacto. Ela \u00e9 uma das minhas atrizes favoritas, e o fato de termos tido a oportunidade de dividir esse projeto \u00e9 especial. E sei que ainda h\u00e1 assuntos inacabados, ent\u00e3o, espero que possamos voltar juntas novamente.&#8221;<\/strong><\/p>\n<p>Rumores recentes indicam que a bruxa deve retornar ao lado de<strong> Joe Locke<\/strong> (Wiccano) no pr\u00f3ximo derivado de <a href=\"https:\/\/ovicio.com.br\/serie\/wandavision\" target=\"_blank\" rel=\"noreferrer noopener nofollow\">WandaVision<\/a>, <strong>Vision Quest. <\/strong><\/p>\n<p>Tudo indica que a s\u00e9rie do <strong>Vis\u00e3o<\/strong> deve estrear em algum momento de 2026 no streaming, embora uma data oficial n\u00e3o tenha sido definida at\u00e9 o momento.<\/p>\n<p>Servindo como uma guia para Billy Maximoff, os f\u00e3s tamb\u00e9m esperam ver o reencontro de <strong>Hahn<\/strong> como Agatha com a <a href=\"https:\/\/ovicio.com.br\/tag\/feiticeira-escarlate\" target=\"_blank\" rel=\"noreferrer noopener nofollow\">Feiticeira Escarlate<\/a> (<strong>Elizabeth Olsen<\/strong>).<\/p>\n<p>Leia mais sobre Agatha e Kathryn Hahn:<\/p>\n<p><strong>Fonte:<\/strong> <a href=\"https:\/\/collider.com\/agatha-all-along-kathryn-hahn-mcu-future-the-studio-aubrey-plaza-patti-lupone-cameo\/\" target=\"_blank\" rel=\"noreferrer noopener nofollow\">Collider<\/a>.<\/p>\n","protected":false},"excerpt":{"rendered":"Estimated reading time: 2 minutos Com um papel de destaque na atual temporada de pr\u00eamios ao participar da&hellip;\n","protected":false},"author":2,"featured_media":189371,"comment_status":"","ping_status":"","sticky":false,"template":"","format":"standard","meta":{"footnotes":""},"categories":[140],"tags":[38232,22840,17860,1579,114,115,147,148,19341,12733,146,32,33],"class_list":{"0":"post-189370","1":"post","2":"type-post","3":"status-publish","4":"format-standard","5":"has-post-thumbnail","7":"category-filmes","8":"tag-agatha","9":"tag-agatha-desde-sempre","10":"tag-aubrey-plaza","11":"tag-disney","12":"tag-entertainment","13":"tag-entretenimento","14":"tag-film","15":"tag-filmes","16":"tag-kathryn-hahn","17":"tag-marvel-studios","18":"tag-movies","19":"tag-portugal","20":"tag-pt"},"share_on_mastodon":{"url":"https:\/\/pubeurope.com\/@pt\/115724098299778143","error":""},"_links":{"self":[{"href":"https:\/\/www.europesays.com\/pt\/wp-json\/wp\/v2\/posts\/189370","targetHints":{"allow":["GET"]}}],"collection":[{"href":"https:\/\/www.europesays.com\/pt\/wp-json\/wp\/v2\/posts"}],"about":[{"href":"https:\/\/www.europesays.com\/pt\/wp-json\/wp\/v2\/types\/post"}],"author":[{"embeddable":true,"href":"https:\/\/www.europesays.com\/pt\/wp-json\/wp\/v2\/users\/2"}],"replies":[{"embeddable":true,"href":"https:\/\/www.europesays.com\/pt\/wp-json\/wp\/v2\/comments?post=189370"}],"version-history":[{"count":0,"href":"https:\/\/www.europesays.com\/pt\/wp-json\/wp\/v2\/posts\/189370\/revisions"}],"wp:featuredmedia":[{"embeddable":true,"href":"https:\/\/www.europesays.com\/pt\/wp-json\/wp\/v2\/media\/189371"}],"wp:attachment":[{"href":"https:\/\/www.europesays.com\/pt\/wp-json\/wp\/v2\/media?parent=189370"}],"wp:term":[{"taxonomy":"category","embeddable":true,"href":"https:\/\/www.europesays.com\/pt\/wp-json\/wp\/v2\/categories?post=189370"},{"taxonomy":"post_tag","embeddable":true,"href":"https:\/\/www.europesays.com\/pt\/wp-json\/wp\/v2\/tags?post=189370"}],"curies":[{"name":"wp","href":"https:\/\/api.w.org\/{rel}","templated":true}]}}