{"id":189379,"date":"2025-12-15T14:45:41","date_gmt":"2025-12-15T14:45:41","guid":{"rendered":"https:\/\/www.europesays.com\/pt\/189379\/"},"modified":"2025-12-15T14:45:41","modified_gmt":"2025-12-15T14:45:41","slug":"presidenciais-antonio-jose-seguro-e-andre-ventura-entregam-assinaturas-no-tc-com-meia-hora-de-diferenca-diario-de-noticias","status":"publish","type":"post","link":"https:\/\/www.europesays.com\/pt\/189379\/","title":{"rendered":"Presidenciais. Ant\u00f3nio Jos\u00e9 Seguro e Andr\u00e9 Ventura entregam assinaturas no TC com meia-hora de diferen\u00e7a &#8211; Di\u00e1rio de Not\u00edcias"},"content":{"rendered":"<ol>\n<li><a href=\"https:\/\/news.google.com\/rss\/articles\/CBMiywFBVV95cUxQV0hXbG51ZWdvNDJ1RnZiN2oxemdhYU5CNENfMEstUW5aTmRiUE13ZWwwUjZiZm5uRG9Dd083VU9sTnhUY2xnczJQUHZfbW5abFhvNWxFdXRGMEFqTVdjeERHLW5NZ0pWVm1JYzFZa2NIZWxieldTU0dXR0w4bTZRZGFidnRTREdjNkVmNDJRWk9VRTMyamtHUkIzSlZlOGRsZnpUMFJ4eFAtdjQ0NFgyNTVsSlpvQWhJUTVwbVQwVm1RZDl0dXZnQzRQVQ?oc=5\" target=\"_blank\" rel=\"nofollow noopener\">Presidenciais. Ant\u00f3nio Jos\u00e9 Seguro e Andr\u00e9 Ventura entregam assinaturas no TC com meia-hora de diferen\u00e7a<\/a>&nbsp;&nbsp;Di\u00e1rio de Not\u00edcias<\/li>\n<li><a href=\"https:\/\/news.google.com\/rss\/articles\/CBMiowFBVV95cUxOYUdmeXFVY3hFTTNRZWRlZ25rM0FjQnc0ai1pMHU3YjdaVGUwaWhrZl9EMU5DNzVOUkNxNHVIdHhacXJ6TTFkNExFOEtJd3BRZWROb2czMnpwaklVQlBOSkFmYjdTa0JlZV90Mnlia3B2RERnTjZ4MGdOLUcwSjBCeTUxOU1ZYUtsYXo0U2wzaGhzVE9zeVE5Y1FiNTd6S3E0cmdZ?oc=5\" target=\"_blank\" rel=\"nofollow noopener\">Presidenciais: Seguro formaliza candidatura com entrega de 10.000 assinaturas<\/a>&nbsp;&nbsp;As Beiras<\/li>\n<li><a href=\"https:\/\/news.google.com\/rss\/articles\/CBMi2AFBVV95cUxPU2ZjcFB3cjJ5ZzlhaVUxOUdOU005dFNHVGMzVndhT2xfazBHNVQyNWhScm1OX2tSV0VOQW9jY2JHVzJjQnZrWUp2aGRqa19ueVNLUkIyMWFlekx2Tk9nQXlBQjNjVkZXOVpwZHJOSVJUa0RvY2VGZ0h3UlF1cFZhemdkcy0zTFFKMUZpdEZyVzVZNmlYMzBGcUE3R1RJeVZZOFB4OG05TldlR0tBT1VZbVcxVE1YZFNxZlhEa1owUmZ1NUdIalZ0UFFrV0R0bjRjTFFvM0FnUDE?oc=5\" target=\"_blank\" rel=\"nofollow noopener\">Ant\u00f3nio Jos\u00e9 Seguro pede &#8220;voto \u00fatil&#8221; \u00e0 esquerda: &#8220;Democracia est\u00e1 sob ataque&#8221; com poder todo \u00e0 direita<\/a>&nbsp;&nbsp;TSF<\/li>\n<li><a href=\"https:\/\/news.google.com\/rss\/articles\/CBMiiwFBVV95cUxNWnluU0UzdHBWNGh4bEd3dF9FdmZkRlZMVjNicGY3bHdJV0NfMG5vN3V5b1hRelJCZnh1QzM3RHhQSmUtTGVrbFJoVG1va2RmSndRb2tXMS1vY2hOdE55Y2tuYkNjV0t5X2FmR013WlZCODFzSnhDdllRd0lQTkFEVkxuYWdWZlVtenBR?oc=5\" target=\"_blank\" rel=\"nofollow noopener\">\u00c9 o tempo de Seguro ou de um regresso fora do tempo<\/a>&nbsp;&nbsp;Jornal SOL<\/li>\n<li><a href=\"https:\/\/news.google.com\/rss\/articles\/CBMi0AFBVV95cUxQTUFtUllrUWJWc0dOcTVSRWF4Yi1XSXRIWEVCYlZ2VVNVSHJsOXEwbXQxQlVjMDgwTjlIZkhpWjJkc1YwbWhPMWdCNl9tbEp2allQcTVCTFpDbE54VkpmVGRLU2xkakp5WWlpcVhjRmx4RllSLWJ4eHYyNnR5Rk8yNVFuNHFaaDh1NWtVTTVhalFRdFpENGc0TWhhLVJvZkZXc2pqUUVxTzBTcUFyRm9fRFNwNTNiLVB4RkhOa21Qb3pPYmxxc1pTaWVTbUd2Y1hy?oc=5\" target=\"_blank\" rel=\"nofollow noopener\">Ant\u00f3nio Jos\u00e9 Seguro: &#8220;Apelo aos eleitores de Esquerda para que concentrem os seus votos em mim&#8221;<\/a>&nbsp;&nbsp;Jornal de Not\u00edcias<\/li>\n<\/ol>\n","protected":false},"excerpt":{"rendered":"Presidenciais. Ant\u00f3nio Jos\u00e9 Seguro e Andr\u00e9 Ventura entregam assinaturas no TC com meia-hora de diferen\u00e7a&nbsp;&nbsp;Di\u00e1rio de Not\u00edcias Presidenciais:&hellip;\n","protected":false},"author":2,"featured_media":189380,"comment_status":"","ping_status":"","sticky":false,"template":"","format":"standard","meta":{"footnotes":""},"categories":[10],"tags":[27,28,306,37215,15,16,14,25,26,21,22,12,13,19,20,52,32,14937,1076,23,24,33,17,18,29,30,31],"class_list":{"0":"post-189379","1":"post","2":"type-post","3":"status-publish","4":"format-standard","5":"has-post-thumbnail","7":"category-portugal","8":"tag-breaking-news","9":"tag-breakingnews","10":"tag-edicao-impressa","11":"tag-eleicoes-presidenciais-2026","12":"tag-featured-news","13":"tag-featurednews","14":"tag-headlines","15":"tag-latest-news","16":"tag-latestnews","17":"tag-main-news","18":"tag-mainnews","19":"tag-news","20":"tag-noticias","21":"tag-noticias-principais","22":"tag-noticiasprincipais","23":"tag-politica","24":"tag-portugal","25":"tag-presidencia-da-republica","26":"tag-presidenciais-2026","27":"tag-principais-noticias","28":"tag-principaisnoticias","29":"tag-pt","30":"tag-top-stories","31":"tag-topstories","32":"tag-ultimas","33":"tag-ultimas-noticias","34":"tag-ultimasnoticias"},"share_on_mastodon":{"url":"","error":"Validation failed: Text character limit of 500 exceeded"},"_links":{"self":[{"href":"https:\/\/www.europesays.com\/pt\/wp-json\/wp\/v2\/posts\/189379","targetHints":{"allow":["GET"]}}],"collection":[{"href":"https:\/\/www.europesays.com\/pt\/wp-json\/wp\/v2\/posts"}],"about":[{"href":"https:\/\/www.europesays.com\/pt\/wp-json\/wp\/v2\/types\/post"}],"author":[{"embeddable":true,"href":"https:\/\/www.europesays.com\/pt\/wp-json\/wp\/v2\/users\/2"}],"replies":[{"embeddable":true,"href":"https:\/\/www.europesays.com\/pt\/wp-json\/wp\/v2\/comments?post=189379"}],"version-history":[{"count":0,"href":"https:\/\/www.europesays.com\/pt\/wp-json\/wp\/v2\/posts\/189379\/revisions"}],"wp:featuredmedia":[{"embeddable":true,"href":"https:\/\/www.europesays.com\/pt\/wp-json\/wp\/v2\/media\/189380"}],"wp:attachment":[{"href":"https:\/\/www.europesays.com\/pt\/wp-json\/wp\/v2\/media?parent=189379"}],"wp:term":[{"taxonomy":"category","embeddable":true,"href":"https:\/\/www.europesays.com\/pt\/wp-json\/wp\/v2\/categories?post=189379"},{"taxonomy":"post_tag","embeddable":true,"href":"https:\/\/www.europesays.com\/pt\/wp-json\/wp\/v2\/tags?post=189379"}],"curies":[{"name":"wp","href":"https:\/\/api.w.org\/{rel}","templated":true}]}}