{"id":189387,"date":"2025-12-15T14:52:35","date_gmt":"2025-12-15T14:52:35","guid":{"rendered":"https:\/\/www.europesays.com\/pt\/189387\/"},"modified":"2025-12-15T14:52:35","modified_gmt":"2025-12-15T14:52:35","slug":"diretor-do-avatar-faz-alerta-duro-sobre-netflix-e-o-fim-dos-cinemas","status":"publish","type":"post","link":"https:\/\/www.europesays.com\/pt\/189387\/","title":{"rendered":"Diretor do Avatar faz alerta duro sobre Netflix e o fim dos cinemas"},"content":{"rendered":"<p>James Cameron entrou no centro do debate sobre o futuro das salas de cinema em meio \u00e0s discuss\u00f5es envolvendo um poss\u00edvel acordo entre <a href=\"https:\/\/tangerina.uol.com.br\/filmes-series\/compra-da-warner-bros-empurra-briga-para-2026\/\" target=\"_blank\" rel=\"noreferrer noopener nofollow\">Netflix e Warner Bros<\/a>. O diretor do Avatar deixou claro que v\u00ea o avan\u00e7o do streaming como uma amea\u00e7a direta \u00e0 experi\u00eancia cinematogr\u00e1fica tradicional.<\/p>\n<p>Em entrevista ao Deadline, o cineasta afirmou que, mesmo com todas as transforma\u00e7\u00f5es da ind\u00fastria, ir ao cinema continua sendo algo raro e valioso. Para ele, a facilidade e o amplo acesso oferecidos pelas plataformas n\u00e3o conseguem substituir o impacto emocional e coletivo de assistir a um filme na tela grande.<\/p>\n<p>James Cameron foi ainda mais direto ao dizer que existe algo quase sagrado na experi\u00eancia cinematogr\u00e1fica. Na vis\u00e3o do diretor, n\u00e3o faz sentido aceitar que o modelo tradicional seja simplesmente atropelado em nome da conveni\u00eancia. Mesmo admitindo que o mercado possa encontrar um equil\u00edbrio entre cinema e streaming, ele refor\u00e7ou que o cinema n\u00e3o pode ser eliminado.<\/p>\n<p>Diretor do Avatar prioriza o cinema<\/p>\n<p>O diretor tamb\u00e9m comentou as declara\u00e7\u00f5es recentes do co-CEO da Netflix, Ted Sarandos, que recuou de falas anteriores e passou a defender lan\u00e7amentos nos cinemas, especialmente para produ\u00e7\u00f5es da Warner Bros. Ainda assim, fontes da ind\u00fastria colocam essa mudan\u00e7a de postura em d\u00favida, j\u00e1 que a plataforma defenderia uma janela exclusiva de aproximadamente duas semanas nas salas, bem abaixo dos 45 dias desejados pelos exibidores.<\/p>\n<p>Para muitos profissionais do setor, esse modelo representa um risco real para a sobreviv\u00eancia dos cinemas. James Cameron acredita que, caso a <a href=\"https:\/\/www.netflix.com\/\" target=\"_blank\" rel=\"noreferrer noopener nofollow\">Netflix<\/a> assuma um papel ainda maior em Hollywood, talvez precise rever sua estrat\u00e9gia. Mesmo assim, ele deixou claro que seguir\u00e1 defendendo o cinema como prioridade.<\/p>\n<p>O cineasta tamb\u00e9m alertou que um eventual acordo reduziria drasticamente o n\u00famero de grandes est\u00fadios em atividade, tornando a preserva\u00e7\u00e3o das salas ainda mais urgente. Segundo James Cameron, seus filmes s\u00e3o criados especificamente para a tela grande, e manter viva essa experi\u00eancia \u00e9 uma quest\u00e3o art\u00edstica e cultural.<\/p>\n<p>Avatar: Fogo e Cinzas estreia nesta quinta-feira (18) nos cinemas. Assista abaixo ao trailer do filme:<\/p>\n","protected":false},"excerpt":{"rendered":"James Cameron entrou no centro do debate sobre o futuro das salas de cinema em meio \u00e0s discuss\u00f5es&hellip;\n","protected":false},"author":2,"featured_media":189388,"comment_status":"","ping_status":"","sticky":false,"template":"","format":"standard","meta":{"footnotes":""},"categories":[140],"tags":[21826,470,114,115,147,148,146,716,32,33],"class_list":{"0":"post-189387","1":"post","2":"type-post","3":"status-publish","4":"format-standard","5":"has-post-thumbnail","7":"category-filmes","8":"tag-avatar","9":"tag-cinema","10":"tag-entertainment","11":"tag-entretenimento","12":"tag-film","13":"tag-filmes","14":"tag-movies","15":"tag-netflix","16":"tag-portugal","17":"tag-pt"},"share_on_mastodon":{"url":"https:\/\/pubeurope.com\/@pt\/115724153449199069","error":""},"_links":{"self":[{"href":"https:\/\/www.europesays.com\/pt\/wp-json\/wp\/v2\/posts\/189387","targetHints":{"allow":["GET"]}}],"collection":[{"href":"https:\/\/www.europesays.com\/pt\/wp-json\/wp\/v2\/posts"}],"about":[{"href":"https:\/\/www.europesays.com\/pt\/wp-json\/wp\/v2\/types\/post"}],"author":[{"embeddable":true,"href":"https:\/\/www.europesays.com\/pt\/wp-json\/wp\/v2\/users\/2"}],"replies":[{"embeddable":true,"href":"https:\/\/www.europesays.com\/pt\/wp-json\/wp\/v2\/comments?post=189387"}],"version-history":[{"count":0,"href":"https:\/\/www.europesays.com\/pt\/wp-json\/wp\/v2\/posts\/189387\/revisions"}],"wp:featuredmedia":[{"embeddable":true,"href":"https:\/\/www.europesays.com\/pt\/wp-json\/wp\/v2\/media\/189388"}],"wp:attachment":[{"href":"https:\/\/www.europesays.com\/pt\/wp-json\/wp\/v2\/media?parent=189387"}],"wp:term":[{"taxonomy":"category","embeddable":true,"href":"https:\/\/www.europesays.com\/pt\/wp-json\/wp\/v2\/categories?post=189387"},{"taxonomy":"post_tag","embeddable":true,"href":"https:\/\/www.europesays.com\/pt\/wp-json\/wp\/v2\/tags?post=189387"}],"curies":[{"name":"wp","href":"https:\/\/api.w.org\/{rel}","templated":true}]}}