{"id":189402,"date":"2025-12-15T15:02:12","date_gmt":"2025-12-15T15:02:12","guid":{"rendered":"https:\/\/www.europesays.com\/pt\/189402\/"},"modified":"2025-12-15T15:02:12","modified_gmt":"2025-12-15T15:02:12","slug":"rob-reiner-e-a-esposa-sao-encontrados-mortos-em-casa-nos-eua","status":"publish","type":"post","link":"https:\/\/www.europesays.com\/pt\/189402\/","title":{"rendered":"Rob Reiner e a esposa s\u00e3o encontrados mortos em casa, nos EUA"},"content":{"rendered":"<p>O cineasta e ator Rob Reiner e a esposa, Michele, foram encontrados mortos na mans\u00e3o da fam\u00edlia, no sul da Calif\u00f3rnia, nos Estados Unidos, nesse domingo (14).<\/p>\n<p>A descoberta de duas pessoas mortas na resid\u00eancia de Reiner, <strong>diretor de &#8220;Harry e Sally &#8211; Feitos Um para o Outro&#8221; e &#8220;Quest\u00e3o de Honra&#8221;<\/strong>, foi revelada pela emissora local NBCLA e outros meios de comunica\u00e7\u00e3o norte-americanos.\u00a0<\/p>\n<p>O canal NBC citou uma fonte pr\u00f3xima \u00e0 fam\u00edlia segundo a qual os corpos tinham <strong>ferimentos provocados por arma branca<\/strong>.\u00a0De acordo com a revista People, o principal suspeito do caso \u00e9 o filho do casal, Nick Reiner.<\/p>\n<p>\t\t\t\tVeja tamb\u00e9m<\/p>\n<p>A pol\u00edcia de Los Angeles informou que estava investigando um caso de morte. &#8220;Ningu\u00e9m foi detido, ningu\u00e9m est\u00e1 sendo interrogado como suspeito&#8221;, declarou o vice-chefe de pol\u00edcia de Los Angeles, Alan Hamilton.<\/p>\n<p>A prefeita de Los Angeles, Karen Bass, tamb\u00e9m disse que uma investiga\u00e7\u00e3o est\u00e1 em curso. &#8220;Estou com o cora\u00e7\u00e3o partido com a tr\u00e1gica perda de Rob e sua esposa Michele. Eu conhecia Rob e tenho um enorme respeito por ele&#8221;, disse.<\/p>\n<p>&#8220;Um ator aclamado, diretor, produtor, escritor e ativista pol\u00edtico engajado, ele sempre usou seus talentos a servi\u00e7o dos outros&#8221;, acrescentou a prefeita.<\/p>\n<p>Trajet\u00f3ria<\/p>\n<p>Reiner integrava o elenco da s\u00e9rie &#8220;The Bear&#8221;. Ele alcan\u00e7ou a fama como ator no papel do genro desajeitado Michael &#8220;Meathead&#8221; Stivic na sitcom dos anos 1970 <strong>&#8220;All in the Family&#8221;<\/strong>, antes de come\u00e7ar a dirigir com &#8220;This Is Spinal Tap&#8221;, uma s\u00e1tira em forma de document\u00e1rio lan\u00e7ado em 1984.<\/p>\n<p>Em 1989, dirigiu e atuou na com\u00e9dia rom\u00e2ntica &#8220;Harry e Sally&#8221;, protagonizada por Billy Crystal e Meg Ryan.<\/p>\n","protected":false},"excerpt":{"rendered":"O cineasta e ator Rob Reiner e a esposa, Michele, foram encontrados mortos na mans\u00e3o da fam\u00edlia, no&hellip;\n","protected":false},"author":2,"featured_media":189403,"comment_status":"","ping_status":"","sticky":false,"template":"","format":"standard","meta":{"footnotes":""},"categories":[145],"tags":[1932,211,210,114,115,32,33,1180],"class_list":{"0":"post-189402","1":"post","2":"type-post","3":"status-publish","4":"format-standard","5":"has-post-thumbnail","7":"category-celebridades","8":"tag-afp","9":"tag-celebridades","10":"tag-celebrities","11":"tag-entertainment","12":"tag-entretenimento","13":"tag-portugal","14":"tag-pt","15":"tag-redacao"},"share_on_mastodon":{"url":"https:\/\/pubeurope.com\/@pt\/115724192503987226","error":""},"_links":{"self":[{"href":"https:\/\/www.europesays.com\/pt\/wp-json\/wp\/v2\/posts\/189402","targetHints":{"allow":["GET"]}}],"collection":[{"href":"https:\/\/www.europesays.com\/pt\/wp-json\/wp\/v2\/posts"}],"about":[{"href":"https:\/\/www.europesays.com\/pt\/wp-json\/wp\/v2\/types\/post"}],"author":[{"embeddable":true,"href":"https:\/\/www.europesays.com\/pt\/wp-json\/wp\/v2\/users\/2"}],"replies":[{"embeddable":true,"href":"https:\/\/www.europesays.com\/pt\/wp-json\/wp\/v2\/comments?post=189402"}],"version-history":[{"count":0,"href":"https:\/\/www.europesays.com\/pt\/wp-json\/wp\/v2\/posts\/189402\/revisions"}],"wp:featuredmedia":[{"embeddable":true,"href":"https:\/\/www.europesays.com\/pt\/wp-json\/wp\/v2\/media\/189403"}],"wp:attachment":[{"href":"https:\/\/www.europesays.com\/pt\/wp-json\/wp\/v2\/media?parent=189402"}],"wp:term":[{"taxonomy":"category","embeddable":true,"href":"https:\/\/www.europesays.com\/pt\/wp-json\/wp\/v2\/categories?post=189402"},{"taxonomy":"post_tag","embeddable":true,"href":"https:\/\/www.europesays.com\/pt\/wp-json\/wp\/v2\/tags?post=189402"}],"curies":[{"name":"wp","href":"https:\/\/api.w.org\/{rel}","templated":true}]}}