{"id":189408,"date":"2025-12-15T15:08:12","date_gmt":"2025-12-15T15:08:12","guid":{"rendered":"https:\/\/www.europesays.com\/pt\/189408\/"},"modified":"2025-12-15T15:08:12","modified_gmt":"2025-12-15T15:08:12","slug":"mbappe-esta-a-tres-golos-de-bater-recorde-de-cristiano-ronaldo","status":"publish","type":"post","link":"https:\/\/www.europesays.com\/pt\/189408\/","title":{"rendered":"Mbapp\u00e9 est\u00e1 a tr\u00eas golos de bater recorde de Cristiano Ronaldo"},"content":{"rendered":"<p style=\"margin-bottom:11px\">Kylian Mbapp\u00e9 est\u00e1 a ter um ano de 2025 com n\u00fameros estratosf\u00e9ricos, j\u00e1 com 56 golos marcados, entre janeiro e dezembro, estando a apenas tr\u00eas golos de igualar o recorde de Cristiano Ronaldo no Real Madrid, fixado em 2013, com um total de 59 golos.<\/p>\n<p>No passado domingo, o internacional franc\u00eas abriu caminho para a <a href=\"https:\/\/maisfutebol.iol.pt\/espanha\/liga-espanhola\/video-real-madrid-sacode-a-pressao-com-triunfo-a-tangente-frente-ao-alaves\" rel=\"nofollow noopener\" target=\"_blank\">vit\u00f3ria do Real Madrid na visita a Alav\u00e9s (2-1)<\/a>, com aquele que foi o seu 56.\u00ba golo marcado no ano civil de 2025. Desta forma, o avan\u00e7ado franc\u00eas fica a apenas tr\u00eas golos de igualar a marca que Cristiano Ronaldo fixou em 2013 e tem ainda dois jogos por disputar at\u00e9 ao final do presente ano.<\/p>\n<p>Kylian Mbapp\u00e9 vai ter uma oportunidade de aproximar-se da marca dos 59 golos fixada pelo seu \u00eddolo, Cristiano Ronaldo, j\u00e1 na pr\u00f3xima quarta-feira quando o Real Madrid defrontar o modesto Talavera, em jogo dos 16 avos de final da Ta\u00e7a do Rei e, caso n\u00e3o seja utilizado neste jogo, ter\u00e1 ainda nova oportunidade, no domingo seguinte, quando o clube do Santiago Bernab\u00e9u receber o Sevilha em jogo da liga espanhola.<\/p>\n<p>Uma miss\u00e3o que est\u00e1 bem alcance do goleador franc\u00eas, uma vez que precisa apenas de mais um hat-trick para igualar o registo de Cristiano Ronaldo e, s\u00f3 em 2025, j\u00e1 marcou quatro [Valladolid, Manchester City, Barcelona e Kairat Almaty], al\u00e9m de um p\u00f3quer ao Olympiakos.<\/p>\n<p>Seria a cereja no topo do bolo de um ano de 2025 sensacional, depois de ter fechado a \u00faltima temporada com nove golos nas \u00faltimas cinco jornadas, superando Viktor Gy\u00f6keres (Sporting) e Lewandowski (Barcelona) na corrida \u00e0 Bota de Ouro.<\/p>\n<p>Ao excelente final de temporada, Mbapp\u00e9 juntou depois um arranque de temporada espetacular, com liga\u00e7\u00e3o direta a quase dois ter\u00e7os dos golos do Real Madrid em 2025\/26 (47 golos), com um total de 26 golos e 4 assist\u00eancias.<\/p>\n<p>Ao ritmo com que tem estado a marcar golos, Mbapp\u00e9 tamb\u00e9m amea\u00e7a tamb\u00e9m o recorde de golos de Cristiano Ronaldo numa s\u00f3 temporada, com os 61 golos que o portugu\u00eas marcou na temporada de 2014\/15.<\/p>\n","protected":false},"excerpt":{"rendered":"Kylian Mbapp\u00e9 est\u00e1 a ter um ano de 2025 com n\u00fameros estratosf\u00e9ricos, j\u00e1 com 56 golos marcados, entre&hellip;\n","protected":false},"author":2,"featured_media":189409,"comment_status":"","ping_status":"","sticky":false,"template":"","format":"standard","meta":{"footnotes":""},"categories":[87],"tags":[667,135,640,82,23673,46,32,33,47,2007,3720,38239,134],"class_list":{"0":"post-189408","1":"post","2":"type-post","3":"status-publish","4":"format-standard","5":"has-post-thumbnail","7":"category-desporto","8":"tag-cristiano-ronaldo","9":"tag-desporto","10":"tag-espanha","11":"tag-internacional","12":"tag-kylian-mbappe","13":"tag-maisfutebol","14":"tag-portugal","15":"tag-pt","16":"tag-pura-paixao","17":"tag-real-madrid","18":"tag-recorde","19":"tag-recorde-de-golos","20":"tag-sports"},"share_on_mastodon":{"url":"https:\/\/pubeurope.com\/@pt\/115724216245785119","error":""},"_links":{"self":[{"href":"https:\/\/www.europesays.com\/pt\/wp-json\/wp\/v2\/posts\/189408","targetHints":{"allow":["GET"]}}],"collection":[{"href":"https:\/\/www.europesays.com\/pt\/wp-json\/wp\/v2\/posts"}],"about":[{"href":"https:\/\/www.europesays.com\/pt\/wp-json\/wp\/v2\/types\/post"}],"author":[{"embeddable":true,"href":"https:\/\/www.europesays.com\/pt\/wp-json\/wp\/v2\/users\/2"}],"replies":[{"embeddable":true,"href":"https:\/\/www.europesays.com\/pt\/wp-json\/wp\/v2\/comments?post=189408"}],"version-history":[{"count":0,"href":"https:\/\/www.europesays.com\/pt\/wp-json\/wp\/v2\/posts\/189408\/revisions"}],"wp:featuredmedia":[{"embeddable":true,"href":"https:\/\/www.europesays.com\/pt\/wp-json\/wp\/v2\/media\/189409"}],"wp:attachment":[{"href":"https:\/\/www.europesays.com\/pt\/wp-json\/wp\/v2\/media?parent=189408"}],"wp:term":[{"taxonomy":"category","embeddable":true,"href":"https:\/\/www.europesays.com\/pt\/wp-json\/wp\/v2\/categories?post=189408"},{"taxonomy":"post_tag","embeddable":true,"href":"https:\/\/www.europesays.com\/pt\/wp-json\/wp\/v2\/tags?post=189408"}],"curies":[{"name":"wp","href":"https:\/\/api.w.org\/{rel}","templated":true}]}}