{"id":189410,"date":"2025-12-15T15:09:07","date_gmt":"2025-12-15T15:09:07","guid":{"rendered":"https:\/\/www.europesays.com\/pt\/189410\/"},"modified":"2025-12-15T15:09:07","modified_gmt":"2025-12-15T15:09:07","slug":"vacina-contra-o-vsr-para-gestantes-esta-disponivel-a-partir-desta-segunda-feira-nas-ubs-de-buzios","status":"publish","type":"post","link":"https:\/\/www.europesays.com\/pt\/189410\/","title":{"rendered":"Vacina contra o VSR para gestantes est\u00e1 dispon\u00edvel a partir desta segunda-feira nas UBS de B\u00fazios"},"content":{"rendered":"<p>Este site usa cookies para melhorar a sua experi\u00eancia enquanto navega pelo site. Destes, os cookies que s\u00e3o categorizados como necess\u00e1rios s\u00e3o armazenados no seu navegador, pois s\u00e3o essenciais para o funcionamento das funcionalidades b\u00e1sicas do site. Tamb\u00e9m usamos cookies de terceiros que nos ajudam a analisar e entender como voc\u00ea usa este site. Esses cookies ser\u00e3o armazenados em seu navegador apenas com o seu consentimento. Voc\u00ea tamb\u00e9m tem a op\u00e7\u00e3o de cancelar esses cookies. Por\u00e9m, a desativa\u00e7\u00e3o de alguns desses cookies pode afetar sua experi\u00eancia de navega\u00e7\u00e3o.<\/p>\n","protected":false},"excerpt":{"rendered":"Este site usa cookies para melhorar a sua experi\u00eancia enquanto navega pelo site. Destes, os cookies que s\u00e3o&hellip;\n","protected":false},"author":2,"featured_media":189411,"comment_status":"","ping_status":"","sticky":false,"template":"","format":"standard","meta":{"footnotes":""},"categories":[86],"tags":[116,32,33,117],"class_list":{"0":"post-189410","1":"post","2":"type-post","3":"status-publish","4":"format-standard","5":"has-post-thumbnail","7":"category-saude","8":"tag-health","9":"tag-portugal","10":"tag-pt","11":"tag-saude"},"share_on_mastodon":{"url":"https:\/\/pubeurope.com\/@pt\/115724220022649995","error":""},"_links":{"self":[{"href":"https:\/\/www.europesays.com\/pt\/wp-json\/wp\/v2\/posts\/189410","targetHints":{"allow":["GET"]}}],"collection":[{"href":"https:\/\/www.europesays.com\/pt\/wp-json\/wp\/v2\/posts"}],"about":[{"href":"https:\/\/www.europesays.com\/pt\/wp-json\/wp\/v2\/types\/post"}],"author":[{"embeddable":true,"href":"https:\/\/www.europesays.com\/pt\/wp-json\/wp\/v2\/users\/2"}],"replies":[{"embeddable":true,"href":"https:\/\/www.europesays.com\/pt\/wp-json\/wp\/v2\/comments?post=189410"}],"version-history":[{"count":0,"href":"https:\/\/www.europesays.com\/pt\/wp-json\/wp\/v2\/posts\/189410\/revisions"}],"wp:featuredmedia":[{"embeddable":true,"href":"https:\/\/www.europesays.com\/pt\/wp-json\/wp\/v2\/media\/189411"}],"wp:attachment":[{"href":"https:\/\/www.europesays.com\/pt\/wp-json\/wp\/v2\/media?parent=189410"}],"wp:term":[{"taxonomy":"category","embeddable":true,"href":"https:\/\/www.europesays.com\/pt\/wp-json\/wp\/v2\/categories?post=189410"},{"taxonomy":"post_tag","embeddable":true,"href":"https:\/\/www.europesays.com\/pt\/wp-json\/wp\/v2\/tags?post=189410"}],"curies":[{"name":"wp","href":"https:\/\/api.w.org\/{rel}","templated":true}]}}