{"id":189412,"date":"2025-12-15T15:13:17","date_gmt":"2025-12-15T15:13:17","guid":{"rendered":"https:\/\/www.europesays.com\/pt\/189412\/"},"modified":"2025-12-15T15:13:17","modified_gmt":"2025-12-15T15:13:17","slug":"5g-ja-soma-28-mil-milhoes-de-ligacoes-com-asia-e-america-do-norte-em-destaque-telecomunicacoes","status":"publish","type":"post","link":"https:\/\/www.europesays.com\/pt\/189412\/","title":{"rendered":"5G j\u00e1 soma 2,8 mil milh\u00f5es de liga\u00e7\u00f5es com \u00c1sia e Am\u00e9rica do Norte em destaque &#8211; Telecomunica\u00e7\u00f5es"},"content":{"rendered":"<p>No <strong>final do terceiro trimestre deste ano, existiam em todo o mundo 2,8 mil milh\u00f5es de liga\u00e7\u00f5es 5G<\/strong> e at\u00e9 meados de novembro estavam em funcionamento<strong> 379 redes comerciais 5G e 707 redes LTE<\/strong>.<\/p>\n<p><b data-stringify-type=\"bold\">N\u00e3o perca nenhuma not\u00edcia importante da atualidade de tecnologia e\u00a0<\/b><b data-stringify-type=\"bold\"><a class=\"c-link\" href=\"https:\/\/tek.sapo.pt\/\" target=\"_blank\" rel=\"noopener noreferrer nofollow\" data-stringify-link=\"https:\/\/tek.sapo.pt\/\" data-sk=\"tooltip_parent\">acompanhe tudo em tek.sapo.pt<\/a><\/b><\/p>\n<p>Em n\u00famero de utilizadores, \u00e9 a <strong>\u00c1sia que det\u00e9m os valores mais elevados: 2 mil milh\u00f5es de liga\u00e7\u00f5es 5G no final do trimestre em an\u00e1lise<\/strong>. J\u00e1 em termos de representatividade da ades\u00e3o, os dados da Omdia e da 5G Americas mostram que a Am\u00e9rica do Norte continua a ser um dos mercados 5G mais avan\u00e7ados tecnologicamente nesta \u00e1rea e com maiores n\u00edveis de ades\u00e3o \u00e0 tecnologia.<\/p>\n<p>Em termos de penetra\u00e7\u00e3o, a <strong>regi\u00e3o conta com 363 milh\u00f5es de liga\u00e7\u00f5es 5G, o equivalente a 95% da popula\u00e7\u00e3o ligada<\/strong>. Os Estados Unidos destacam-se com 341 milh\u00f5es de liga\u00e7\u00f5es 5G numa popula\u00e7\u00e3o de 344 milh\u00f5es, uma das taxas de penetra\u00e7\u00e3o 5G mais altas do mundo.<\/p>\n<p>\u201cA elevada ado\u00e7\u00e3o pelos utilizadores, a ampla disponibilidade de dispositivos e o investimento sustentado em redes de \u00faltima gera\u00e7\u00e3o posicionam a regi\u00e3o na vanguarda da inova\u00e7\u00e3o, \u00e0 medida que avan\u00e7amos para as capacidades iniciais do 5G-Advanced\u201d, sublinha Viet Nguyen, presidente da 5G Americas, citado em comunicado.<\/p>\n<p>Nos pr\u00f3ximos trimestres a expectativa \u00e9 que a <strong>utiliza\u00e7\u00e3o da tecnologia continue a crescer com melhor desempenho de uplink e aposta em inova\u00e7\u00f5es como MIMO avan\u00e7ado, sensores e posicionamento integrado<\/strong> \u201cque v\u00e3o expandir ainda mais o que o 5G pode oferecer \u00e0 ind\u00fastria, aos servi\u00e7os p\u00fablicos e \u00e0s experi\u00eancias imersivas. Em 2030, estima-se que o <strong>n\u00famero de liga\u00e7\u00f5es 5G na regi\u00e3o deve aumentar para 867 milh\u00f5es, mais do que duplicando o n\u00famero atual<\/strong>.<\/p>\n<p>A pesquisa tamb\u00e9m revela que, na<strong> internet das coisas, contam-se 278 milh\u00f5es de dispositivos ligados na Am\u00e9rica do Norte<\/strong>, um <strong>n\u00famero que dever\u00e1 crescer para 459 milh\u00f5es at\u00e9 2030, num aumento de 65%<\/strong>, explicado pela maior utiliza\u00e7\u00e3o da tecnologia na ind\u00fastria, log\u00edstica, servi\u00e7os p\u00fablicos e eletr\u00f3nica de consumo.<\/p>\n<p>Em todo o mundo, as<strong> liga\u00e7\u00f5es IoT baseadas em 5G devem chegar a 5 mil milh\u00f5es at\u00e9 2030<\/strong>, refletindo uma maior utiliza\u00e7\u00e3o destas tecnologias na ind\u00fastria e nas empresas. Como sublinha a Omnia, a \u201cintelig\u00eancia artificial est\u00e1 a tornar-se um facilitador fundamental nesse crescimento, ajudando operadoras e empresas a automatizar as opera\u00e7\u00f5es de rede, otimizar o tr\u00e1fego em tempo real e desbloquear aplica\u00e7\u00f5es de IoT mais inteligentes em escala\u201d.<\/p>\n<p>O estudo tamb\u00e9m destaca a i<strong>mport\u00e2ncia dos acessos fixos sem fios (FWA) para os progressos no 5G<\/strong>, pelo seu contributo para a ado\u00e7\u00e3o de v\u00e1rios dispositivos e para fazer chegar banda larga de alta velocidade a mais utilizadores em mercados onde a fibra \u00e9 limitada. Globalmente, refere-se, o acesso fixo sem fios 4G LTE e 5G representava 78,14 milh\u00f5es de liga\u00e7\u00f5es no final do terceiro trimestre de 2025, com uma taxa de crescimento anual de 27%.<\/p>\n<p>Na Europa, o <strong>5G continua a avan\u00e7ar a duas velocidades<\/strong>. Um <a href=\"https:\/\/sapo.pt\/artigo\/europa-a-duas-velocidades-no-5g-decisoes-politicas-atrasam-regiao-68ac9aea1b42150e60ea3718\" target=\"_blank\" rel=\"noopener noreferrer nofollow\">estudo<\/a> divulgado h\u00e1 meses revelava, por exemplo, que Portugal est\u00e1 a meio da tabela, em termos de disponibilidade da tecnologia m\u00f3vel de quinta gera\u00e7\u00e3o, conseguindo uma taxa de 62,9%. Nos <strong>30 pa\u00edses analisados s\u00f3 dois conseguem garantir uma cobertura da tecnologia superior a 80%<\/strong>, e outros seis t\u00eam n\u00edveis de cobertura superiores a 70%. Os n\u00fameros de utilizadores s\u00e3o ainda mais dispares. Em Portugal, os dados mais recentes indicam que <a href=\"https:\/\/tek.sapo.pt\/noticias\/telecomunicacoes\/artigos\/5g-ja-conta-com-53-milhoes-de-utilizadores-de-internet-movel-e-22-do-trafego\" target=\"_blank\" rel=\"noopener noreferrer nofollow\">5,3 milh\u00f5es j\u00e1 usam 5G<\/a>.<\/p>\n<p>Assine a\u00a0<a class=\"c-link\" href=\"https:\/\/teknoticias.us15.list-manage.com\/subscribe?u=9a06a5af5e9150806abc02bae&amp;id=ef9b27090d\" target=\"_blank\" rel=\"noopener noreferrer nofollow\" data-stringify-link=\"https:\/\/teknoticias.us15.list-manage.com\/subscribe?u=9a06a5af5e9150806abc02bae&amp;id=ef9b27090d\" data-sk=\"tooltip_parent\">newsletter do TEK Not\u00edcias<\/a>\u00a0e receba todos os dias as principais not\u00edcias de tecnologia na sua caixa de correio.<\/p>\n","protected":false},"excerpt":{"rendered":"No final do terceiro trimestre deste ano, existiam em todo o mundo 2,8 mil milh\u00f5es de liga\u00e7\u00f5es 5G&hellip;\n","protected":false},"author":2,"featured_media":189413,"comment_status":"","ping_status":"","sticky":false,"template":"","format":"standard","meta":{"footnotes":""},"categories":[84],"tags":[109,107,108,32,33,105,103,104,106,110],"class_list":{"0":"post-189412","1":"post","2":"type-post","3":"status-publish","4":"format-standard","5":"has-post-thumbnail","7":"category-ciencia-e-tecnologia","8":"tag-ciencia","9":"tag-ciencia-e-tecnologia","10":"tag-cienciaetecnologia","11":"tag-portugal","12":"tag-pt","13":"tag-science","14":"tag-science-and-technology","15":"tag-scienceandtechnology","16":"tag-technology","17":"tag-tecnologia"},"share_on_mastodon":{"url":"https:\/\/pubeurope.com\/@pt\/115724236125676599","error":""},"_links":{"self":[{"href":"https:\/\/www.europesays.com\/pt\/wp-json\/wp\/v2\/posts\/189412","targetHints":{"allow":["GET"]}}],"collection":[{"href":"https:\/\/www.europesays.com\/pt\/wp-json\/wp\/v2\/posts"}],"about":[{"href":"https:\/\/www.europesays.com\/pt\/wp-json\/wp\/v2\/types\/post"}],"author":[{"embeddable":true,"href":"https:\/\/www.europesays.com\/pt\/wp-json\/wp\/v2\/users\/2"}],"replies":[{"embeddable":true,"href":"https:\/\/www.europesays.com\/pt\/wp-json\/wp\/v2\/comments?post=189412"}],"version-history":[{"count":0,"href":"https:\/\/www.europesays.com\/pt\/wp-json\/wp\/v2\/posts\/189412\/revisions"}],"wp:featuredmedia":[{"embeddable":true,"href":"https:\/\/www.europesays.com\/pt\/wp-json\/wp\/v2\/media\/189413"}],"wp:attachment":[{"href":"https:\/\/www.europesays.com\/pt\/wp-json\/wp\/v2\/media?parent=189412"}],"wp:term":[{"taxonomy":"category","embeddable":true,"href":"https:\/\/www.europesays.com\/pt\/wp-json\/wp\/v2\/categories?post=189412"},{"taxonomy":"post_tag","embeddable":true,"href":"https:\/\/www.europesays.com\/pt\/wp-json\/wp\/v2\/tags?post=189412"}],"curies":[{"name":"wp","href":"https:\/\/api.w.org\/{rel}","templated":true}]}}