{"id":189416,"date":"2025-12-15T15:16:24","date_gmt":"2025-12-15T15:16:24","guid":{"rendered":"https:\/\/www.europesays.com\/pt\/189416\/"},"modified":"2025-12-15T15:16:24","modified_gmt":"2025-12-15T15:16:24","slug":"adjunto-de-ex-ministra-da-justica-suspeito-de-praticar-crimes-de-pedofilia-quando-entrou-para-o-governo","status":"publish","type":"post","link":"https:\/\/www.europesays.com\/pt\/189416\/","title":{"rendered":"Adjunto de ex-ministra da Justi\u00e7a suspeito de praticar crimes de pedofilia quando entrou para o Governo"},"content":{"rendered":"<p>Paulo Abreu dos Santos foi nomeado em setembro de 2022 pela ministra da Justi\u00e7a Catarina Sarmento e Castro para exercer as fun\u00e7\u00f5es de adjunto no seu gabinete. Esteve no cargo at\u00e9 novembro de 2023, altura em que o executivo liderado por Ant\u00f3nio Costa se demitiu, ap\u00f3s o comunicado da Procuradoria-Geral da Rep\u00fablica sobre a Opera\u00e7\u00e3o Influencer.<\/p>\n<p><a href=\"https:\/\/expresso.pt\/subscrever?action=GEN&amp;channel=BAF&amp;type=CAP&amp;source=WEB&amp;returnUrl=https:\/\/expresso.pt\/sociedade\/justica\/2025-12-15-adjunto-de-ex-ministra-da-justica-suspeito-de-praticar-crimes-de-pedofilia-quando-entrou-para-o-governo-f4c83103&amp;utm_source=expresso&amp;utm_medium=locked_article&amp;locked=true&amp;article_id=c8631de3-800b-4e73-a562-3808c817fe3a&amp;author_id=Hugo+Franco&amp;category=Justi\u00e7a\" target=\"_self\" class=\"\" rel=\"nofollow noopener\">Subscrever<\/a>J\u00e1 \u00e9 Subscritor?Fa\u00e7a login e continue a ler<a href=\"http:\/\/expresso.pt\/codigo?redirectUrl=https:\/\/expresso.pt\/sociedade\/justica\/2025-12-15-adjunto-de-ex-ministra-da-justica-suspeito-de-praticar-crimes-de-pedofilia-quando-entrou-para-o-governo-f4c83103\" target=\"_self\" class=\"\" rel=\"nofollow noopener\">Inserir C\u00f3digo<\/a>Comprou o Expresso?Insira o c\u00f3digo presente na Revista E para continuar a ler<\/p>\n","protected":false},"excerpt":{"rendered":"Paulo Abreu dos Santos foi nomeado em setembro de 2022 pela ministra da Justi\u00e7a Catarina Sarmento e Castro&hellip;\n","protected":false},"author":2,"featured_media":189417,"comment_status":"","ping_status":"","sticky":false,"template":"","format":"standard","meta":{"footnotes":""},"categories":[10],"tags":[27,28,15,16,14,25,26,21,22,12,13,19,20,32,23,24,33,17,18,29,30,31],"class_list":{"0":"post-189416","1":"post","2":"type-post","3":"status-publish","4":"format-standard","5":"has-post-thumbnail","7":"category-portugal","8":"tag-breaking-news","9":"tag-breakingnews","10":"tag-featured-news","11":"tag-featurednews","12":"tag-headlines","13":"tag-latest-news","14":"tag-latestnews","15":"tag-main-news","16":"tag-mainnews","17":"tag-news","18":"tag-noticias","19":"tag-noticias-principais","20":"tag-noticiasprincipais","21":"tag-portugal","22":"tag-principais-noticias","23":"tag-principaisnoticias","24":"tag-pt","25":"tag-top-stories","26":"tag-topstories","27":"tag-ultimas","28":"tag-ultimas-noticias","29":"tag-ultimasnoticias"},"share_on_mastodon":{"url":"https:\/\/pubeurope.com\/@pt\/115724247587035552","error":""},"_links":{"self":[{"href":"https:\/\/www.europesays.com\/pt\/wp-json\/wp\/v2\/posts\/189416","targetHints":{"allow":["GET"]}}],"collection":[{"href":"https:\/\/www.europesays.com\/pt\/wp-json\/wp\/v2\/posts"}],"about":[{"href":"https:\/\/www.europesays.com\/pt\/wp-json\/wp\/v2\/types\/post"}],"author":[{"embeddable":true,"href":"https:\/\/www.europesays.com\/pt\/wp-json\/wp\/v2\/users\/2"}],"replies":[{"embeddable":true,"href":"https:\/\/www.europesays.com\/pt\/wp-json\/wp\/v2\/comments?post=189416"}],"version-history":[{"count":0,"href":"https:\/\/www.europesays.com\/pt\/wp-json\/wp\/v2\/posts\/189416\/revisions"}],"wp:featuredmedia":[{"embeddable":true,"href":"https:\/\/www.europesays.com\/pt\/wp-json\/wp\/v2\/media\/189417"}],"wp:attachment":[{"href":"https:\/\/www.europesays.com\/pt\/wp-json\/wp\/v2\/media?parent=189416"}],"wp:term":[{"taxonomy":"category","embeddable":true,"href":"https:\/\/www.europesays.com\/pt\/wp-json\/wp\/v2\/categories?post=189416"},{"taxonomy":"post_tag","embeddable":true,"href":"https:\/\/www.europesays.com\/pt\/wp-json\/wp\/v2\/tags?post=189416"}],"curies":[{"name":"wp","href":"https:\/\/api.w.org\/{rel}","templated":true}]}}