{"id":189420,"date":"2025-12-15T15:21:09","date_gmt":"2025-12-15T15:21:09","guid":{"rendered":"https:\/\/www.europesays.com\/pt\/189420\/"},"modified":"2025-12-15T15:21:09","modified_gmt":"2025-12-15T15:21:09","slug":"afinal-pedro-e-marisa-viveram-noite-romantica-cristina-ferreira-faz-revelacao-em-direto-dormiram-juntos-secret-story","status":"publish","type":"post","link":"https:\/\/www.europesays.com\/pt\/189420\/","title":{"rendered":"Afinal, Pedro e Marisa viveram noite rom\u00e2ntica? Cristina Ferreira faz revela\u00e7\u00e3o em direto: \u00abDormiram juntos&#8230;\u00bb &#8211; Secret Story"},"content":{"rendered":"<p>Cristina Ferreira j\u00e1 esclareceu a maior curiosidade que pairava no ar sobre a noite Pedro e Marisa. Afinal, o casal j\u00e1 teve direito \u00e0 primeira noite rom\u00e2ntica?<\/p>\n<p>A expectativa sobre a primeira noite do casal sem nada a esconder era muita e Cristina Ferreira esclareceu tudo esta manh\u00e3, no Dois \u00e0s 10.<\/p>\n<p>Sem segredos e sem se preocuparem com os colegas, Pedro e Marisa puderam viver, finalmente, um momento rom\u00e2ntico a dois, na mesma cama. \u00abDormiram juntos\u00bb, contou Cristina Ferreira no programa desta manh\u00e3. Imediatamente, Cla\u00fadio Ramos questionou: \u00abE fizeram coisas?\u00bb. \u00abN\u00e3o sei\u00bb, admitiu Cristina.<\/p>\n<p>Marisa e Pedro Jorge entraram na casa mais vigiada do Pa\u00eds com segredos distintos, mas que os relacionavam um ao outro. O segredo de Pedro foi revelado na semana passada por In\u00eas. <a href=\"https:\/\/tvi.iol.pt\/secretstory\/videos\/imagens-na-integra-segredo-de-pedro-e-revelado-e-a-casa-quase-desmaiou-de-choque\/6939fd720cf229bd2f8d5d18\" rel=\"nofollow noopener\" target=\"_blank\">A atitude impulsiva de Marisa, que acabou a beijar o marido \u00e0 frente de todos, colocou o seu segredo em risco<\/a>.\u00a0 Este domingo, toda a verdade sobre a rela\u00e7\u00e3o foi esclarecida. E agora, Pedro e Marisa podem amar-se \u00e0 vontade.<\/p>\n<p>\u00a0<\/p>\n","protected":false},"excerpt":{"rendered":"Cristina Ferreira j\u00e1 esclareceu a maior curiosidade que pairava no ar sobre a noite Pedro e Marisa. Afinal,&hellip;\n","protected":false},"author":2,"featured_media":189421,"comment_status":"","ping_status":"","sticky":false,"template":"","format":"standard","meta":{"footnotes":""},"categories":[142],"tags":[18706,114,115,18705,19184,14646,32,33,151,18704],"class_list":{"0":"post-189420","1":"post","2":"type-post","3":"status-publish","4":"format-standard","5":"has-post-thumbnail","7":"category-tv","8":"tag-bastidores-secret-story","9":"tag-entertainment","10":"tag-entretenimento","11":"tag-entrevistas-concorrentes-tvi","12":"tag-marisa","13":"tag-pedro","14":"tag-portugal","15":"tag-pt","16":"tag-tv","17":"tag-vida-fora-da-casa"},"share_on_mastodon":{"url":"https:\/\/pubeurope.com\/@pt\/115724267237751580","error":""},"_links":{"self":[{"href":"https:\/\/www.europesays.com\/pt\/wp-json\/wp\/v2\/posts\/189420","targetHints":{"allow":["GET"]}}],"collection":[{"href":"https:\/\/www.europesays.com\/pt\/wp-json\/wp\/v2\/posts"}],"about":[{"href":"https:\/\/www.europesays.com\/pt\/wp-json\/wp\/v2\/types\/post"}],"author":[{"embeddable":true,"href":"https:\/\/www.europesays.com\/pt\/wp-json\/wp\/v2\/users\/2"}],"replies":[{"embeddable":true,"href":"https:\/\/www.europesays.com\/pt\/wp-json\/wp\/v2\/comments?post=189420"}],"version-history":[{"count":0,"href":"https:\/\/www.europesays.com\/pt\/wp-json\/wp\/v2\/posts\/189420\/revisions"}],"wp:featuredmedia":[{"embeddable":true,"href":"https:\/\/www.europesays.com\/pt\/wp-json\/wp\/v2\/media\/189421"}],"wp:attachment":[{"href":"https:\/\/www.europesays.com\/pt\/wp-json\/wp\/v2\/media?parent=189420"}],"wp:term":[{"taxonomy":"category","embeddable":true,"href":"https:\/\/www.europesays.com\/pt\/wp-json\/wp\/v2\/categories?post=189420"},{"taxonomy":"post_tag","embeddable":true,"href":"https:\/\/www.europesays.com\/pt\/wp-json\/wp\/v2\/tags?post=189420"}],"curies":[{"name":"wp","href":"https:\/\/api.w.org\/{rel}","templated":true}]}}