{"id":189438,"date":"2025-12-15T15:37:08","date_gmt":"2025-12-15T15:37:08","guid":{"rendered":"https:\/\/www.europesays.com\/pt\/189438\/"},"modified":"2025-12-15T15:37:08","modified_gmt":"2025-12-15T15:37:08","slug":"marvel-nao-garante-outros-grandes-projetos-reflete-paul-bettany-ao-abordar-escasso-em-carreira","status":"publish","type":"post","link":"https:\/\/www.europesays.com\/pt\/189438\/","title":{"rendered":"Marvel n\u00e3o garante outros grandes projetos, reflete Paul Bettany ao abordar &#8220;escasso&#8221; em carreira"},"content":{"rendered":"<p class=\"wp-block-yoast-seo-estimated-reading-time yoast-reading-time__wrapper\">Estimated reading time: 2 minutos<\/p>\n<p>Nos \u00faltimos anos, <a href=\"https:\/\/ovicio.com.br\/tag\/paul-bettany\" target=\"_blank\" rel=\"noreferrer noopener nofollow\">Paul Bettany<\/a> n\u00e3o esteve envolvido com tantos projetos paralelos que n\u00e3o fossem da <a href=\"https:\/\/ovicio.com.br\/tag\/marvel-studios\" target=\"_blank\" rel=\"noreferrer noopener nofollow\">Marvel Studios<\/a>, algo que est\u00e1 sendo abordado pelo pr\u00f3prio ator, que atesta a &#8220;escassez&#8221; de trabalhos.<\/p>\n<p>Em declara\u00e7\u00e3o para o The Telegraph, o astro desmistificou a ideia de que atores de grandes franquias como o MCU, s\u00e3o convidados para outras m\u00faltiplas produ\u00e7\u00f5es, dizendo:<\/p>\n<p><strong>&#8220;Acho que os jornalistas imaginam que temos uma montanha de roteiros, e isso n\u00e3o \u00e9 verdade. N\u00e3o \u00e9 como se eu estivesse recusando algo de Alfonso Cuar\u00f3n para fazer filmes da Marvel. Ele simplesmente n\u00e3o me ligou [para me convidar].&#8221;<\/strong><\/p>\n<p>O int\u00e9rprete de <a href=\"https:\/\/ovicio.com.br\/tag\/visao\" target=\"_blank\" rel=\"noreferrer noopener nofollow\">Vis\u00e3o<\/a> no universo dos super-her\u00f3is esteve em 2024 no filme <strong>Aqui (2024)<\/strong>, al\u00e9m de participar da miniss\u00e9rie de 2021, <strong>A Very British Scandal. <\/strong><\/p>\n<p>Nos \u00faltimos meses, <strong>Paul Bettany<\/strong> esteve trabalhando nas filmagens de <a href=\"https:\/\/ovicio.com.br\/tag\/vision-quest\" target=\"_blank\" rel=\"noreferrer noopener nofollow\">Vision Quest<\/a>, o pr\u00f3ximo derivado de <strong>WandaVision (2021)<\/strong> para o <a href=\"https:\/\/ovicio.com.br\/tag\/disneyplus\" target=\"_blank\" rel=\"noreferrer noopener nofollow\">Disney+<\/a>, e que deve ser lan\u00e7ado em algum momento de 2026.<\/p>\n<p>Leia mais sobre Paul Bettany e a Marvel Studios:<\/p>\n<p><strong>Fonte<\/strong>: <a href=\"https:\/\/www.telegraph.co.uk\/films\/2025\/12\/12\/paul-bettany-interview-amadeus\/\" target=\"_blank\" rel=\"noreferrer noopener nofollow\">The Telegraph.<\/a><\/p>\n","protected":false},"excerpt":{"rendered":"Estimated reading time: 2 minutos Nos \u00faltimos anos, Paul Bettany n\u00e3o esteve envolvido com tantos projetos paralelos que&hellip;\n","protected":false},"author":2,"featured_media":189439,"comment_status":"","ping_status":"","sticky":false,"template":"","format":"standard","meta":{"footnotes":""},"categories":[140],"tags":[114,115,147,148,12733,146,22843,32,33,38240],"class_list":{"0":"post-189438","1":"post","2":"type-post","3":"status-publish","4":"format-standard","5":"has-post-thumbnail","7":"category-filmes","8":"tag-entertainment","9":"tag-entretenimento","10":"tag-film","11":"tag-filmes","12":"tag-marvel-studios","13":"tag-movies","14":"tag-paul-bettany","15":"tag-portugal","16":"tag-pt","17":"tag-vision-quest"},"share_on_mastodon":{"url":"https:\/\/pubeurope.com\/@pt\/115724330227802996","error":""},"_links":{"self":[{"href":"https:\/\/www.europesays.com\/pt\/wp-json\/wp\/v2\/posts\/189438","targetHints":{"allow":["GET"]}}],"collection":[{"href":"https:\/\/www.europesays.com\/pt\/wp-json\/wp\/v2\/posts"}],"about":[{"href":"https:\/\/www.europesays.com\/pt\/wp-json\/wp\/v2\/types\/post"}],"author":[{"embeddable":true,"href":"https:\/\/www.europesays.com\/pt\/wp-json\/wp\/v2\/users\/2"}],"replies":[{"embeddable":true,"href":"https:\/\/www.europesays.com\/pt\/wp-json\/wp\/v2\/comments?post=189438"}],"version-history":[{"count":0,"href":"https:\/\/www.europesays.com\/pt\/wp-json\/wp\/v2\/posts\/189438\/revisions"}],"wp:featuredmedia":[{"embeddable":true,"href":"https:\/\/www.europesays.com\/pt\/wp-json\/wp\/v2\/media\/189439"}],"wp:attachment":[{"href":"https:\/\/www.europesays.com\/pt\/wp-json\/wp\/v2\/media?parent=189438"}],"wp:term":[{"taxonomy":"category","embeddable":true,"href":"https:\/\/www.europesays.com\/pt\/wp-json\/wp\/v2\/categories?post=189438"},{"taxonomy":"post_tag","embeddable":true,"href":"https:\/\/www.europesays.com\/pt\/wp-json\/wp\/v2\/tags?post=189438"}],"curies":[{"name":"wp","href":"https:\/\/api.w.org\/{rel}","templated":true}]}}