{"id":189442,"date":"2025-12-15T15:39:15","date_gmt":"2025-12-15T15:39:15","guid":{"rendered":"https:\/\/www.europesays.com\/pt\/189442\/"},"modified":"2025-12-15T15:39:15","modified_gmt":"2025-12-15T15:39:15","slug":"o-que-a-ciencia-descobriu-sobre-o-cerebro","status":"publish","type":"post","link":"https:\/\/www.europesays.com\/pt\/189442\/","title":{"rendered":"o que a ci\u00eancia descobriu sobre o c\u00e9rebro"},"content":{"rendered":"<p>Durante muito tempo, o cansa\u00e7o mental foi visto como um efeito colateral inevit\u00e1vel da vida moderna. Mas, ap\u00f3s a COVID-19, esse estado passou a chamar a aten\u00e7\u00e3o de pesquisadores em todo o mundo. Estudos recentes indicam que a fadiga cognitiva n\u00e3o \u00e9 apenas psicol\u00f3gica: ela reflete mudan\u00e7as reais no funcionamento do c\u00e9rebro e imp\u00f5e limites concretos \u00e0 nossa capacidade mental.<\/p>\n<p> <b>O que \u00e9, de fato, o cansa\u00e7o mental<\/b> <\/p>\n<p>A fadiga mental, tamb\u00e9m chamada de cansa\u00e7o cognitivo, se manifesta como dificuldade de concentra\u00e7\u00e3o, queda de motiva\u00e7\u00e3o, sensa\u00e7\u00e3o de esfor\u00e7o excessivo e perda de clareza no pensamento. Ela costuma surgir ap\u00f3s longos per\u00edodos de trabalho intelectual, exposi\u00e7\u00e3o cont\u00ednua a decis\u00f5es complexas ou situa\u00e7\u00f5es novas que exigem aten\u00e7\u00e3o constante.<\/p>\n<p>Segundo o neurocientista Mathias Pessiglione, do Instituto do C\u00e9rebro de Paris, esse tipo de esgotamento aparece quando o c\u00e9rebro precisa manter um controle ativo por muito tempo, em vez de operar em rotinas autom\u00e1ticas. Nesse contexto, o cansa\u00e7o funciona como um <a href=\"https:\/\/www.gizmodo.com.br\/voce-ronca-a-noite-veja-o-que-harvard-recomenda-para-recuperar-o-sono-sem-remedios-16708\" rel=\"nofollow noopener\" target=\"_blank\">sinal fisiol\u00f3gico de alerta<\/a>, indicando que o sistema cognitivo est\u00e1 pr\u00f3ximo do seu limite funcional.<\/p>\n<p> <b>O que acontece no c\u00e9rebro quando nos esgotamos<\/b> <\/p>\n<p>Pesquisas publicadas na revista Nature mostram que o cansa\u00e7o mental est\u00e1 associado a altera\u00e7\u00f5es metab\u00f3licas em regi\u00f5es respons\u00e1veis pelo controle cognitivo, especialmente o c\u00f3rtex pr\u00e9-frontal. Um dos principais achados \u00e9 o ac\u00famulo de glutamato, um neurotransmissor essencial para a comunica\u00e7\u00e3o entre neur\u00f4nios.<\/p>\n<p>Al\u00e9m disso, entram em jogo subst\u00e2ncias como adenosina, glicose e lactato, bem como processos inflamat\u00f3rios. Alguns cientistas comparam esse mecanismo ao da dor f\u00edsica: trata-se de um sinal desagrad\u00e1vel, por\u00e9m protetor, criado para evitar danos maiores ao c\u00e9rebro.<\/p>\n<p> <b>Por que \u00e9 t\u00e3o dif\u00edcil medir a fadiga mental<\/b> <\/p>\n<p>Um dos grandes desafios da ci\u00eancia \u00e9 quantificar esse tipo de esgotamento com precis\u00e3o. Question\u00e1rios e relatos pessoais nem sempre s\u00e3o confi\u00e1veis, j\u00e1 que fatores como motiva\u00e7\u00e3o, interesse ou treinamento podem mascarar o cansa\u00e7o real.<\/p>\n<p>Para contornar isso, pesquisadores analisam mudan\u00e7as no comportamento. Estudos mostram que pessoas mentalmente fatigadas tendem a tomar decis\u00f5es mais impulsivas, preferindo recompensas imediatas em vez de benef\u00edcios maiores no longo prazo. Esse padr\u00e3o est\u00e1 ligado a altera\u00e7\u00f5es qu\u00edmicas no c\u00e9rebro causadas pelo esfor\u00e7o cognitivo prolongado.<\/p>\n<p> <img loading=\"lazy\" decoding=\"async\" class=\"size-full wp-image-37184\" src=\"https:\/\/www.europesays.com\/pt\/wp-content\/uploads\/2025\/12\/esgotamento-mental1.png\" alt=\"Esgotamento Mental1\" width=\"1500\" height=\"1000\"  \/>\u00a9 FreePik <b>A rela\u00e7\u00e3o com o COVID persistente e outras doen\u00e7as<\/b> <\/p>\n<p>O interesse pelo tema aumentou muito com o avan\u00e7o dos estudos sobre o COVID persistente, em que a fadiga mental \u00e9 um dos sintomas mais incapacitantes. Ela tamb\u00e9m aparece em condi\u00e7\u00f5es como <a href=\"https:\/\/www.gizmodo.com.br\/quem-escolhe-a-morte-assistida-medicamente-6264\" rel=\"nofollow noopener\" target=\"_blank\">encefalomielite mi\u00e1lgica<\/a>, depress\u00e3o, esclerose m\u00faltipla e Parkinson.<\/p>\n<p>Nesses casos, tarefas simples podem se tornar exaustivas, refor\u00e7ando que o problema n\u00e3o est\u00e1 na for\u00e7a de vontade, mas em limita\u00e7\u00f5es biol\u00f3gicas reais.<\/p>\n<p> <b>Caminhos para recupera\u00e7\u00e3o e pesquisa futura<\/b> <\/p>\n<p>O sono profundo surge como um fator central na recupera\u00e7\u00e3o do c\u00e9rebro, pois permite a remo\u00e7\u00e3o de res\u00edduos metab\u00f3licos e a restaura\u00e7\u00e3o do equil\u00edbrio energ\u00e9tico. Pesquisas tamb\u00e9m investigam o papel do estresse cr\u00f4nico, dos ritmos circadianos e da inflama\u00e7\u00e3o.<\/p>\n<p>Entender o cansa\u00e7o mental deixou de ser apenas uma curiosidade cient\u00edfica. \u00c9 uma necessidade urgente para melhorar a qualidade de vida de milh\u00f5es de pessoas. A ci\u00eancia come\u00e7a a mostrar que ouvir os sinais de fadiga do c\u00e9rebro pode ser t\u00e3o essencial quanto ignor\u00e1-los foi perigoso por d\u00e9cadas.<\/p>\n","protected":false},"excerpt":{"rendered":"Durante muito tempo, o cansa\u00e7o mental foi visto como um efeito colateral inevit\u00e1vel da vida moderna. Mas, ap\u00f3s&hellip;\n","protected":false},"author":2,"featured_media":189443,"comment_status":"","ping_status":"","sticky":false,"template":"","format":"standard","meta":{"footnotes":""},"categories":[86],"tags":[116,32,33,117],"class_list":{"0":"post-189442","1":"post","2":"type-post","3":"status-publish","4":"format-standard","5":"has-post-thumbnail","7":"category-saude","8":"tag-health","9":"tag-portugal","10":"tag-pt","11":"tag-saude"},"share_on_mastodon":{"url":"https:\/\/pubeurope.com\/@pt\/115724338422442199","error":""},"_links":{"self":[{"href":"https:\/\/www.europesays.com\/pt\/wp-json\/wp\/v2\/posts\/189442","targetHints":{"allow":["GET"]}}],"collection":[{"href":"https:\/\/www.europesays.com\/pt\/wp-json\/wp\/v2\/posts"}],"about":[{"href":"https:\/\/www.europesays.com\/pt\/wp-json\/wp\/v2\/types\/post"}],"author":[{"embeddable":true,"href":"https:\/\/www.europesays.com\/pt\/wp-json\/wp\/v2\/users\/2"}],"replies":[{"embeddable":true,"href":"https:\/\/www.europesays.com\/pt\/wp-json\/wp\/v2\/comments?post=189442"}],"version-history":[{"count":0,"href":"https:\/\/www.europesays.com\/pt\/wp-json\/wp\/v2\/posts\/189442\/revisions"}],"wp:featuredmedia":[{"embeddable":true,"href":"https:\/\/www.europesays.com\/pt\/wp-json\/wp\/v2\/media\/189443"}],"wp:attachment":[{"href":"https:\/\/www.europesays.com\/pt\/wp-json\/wp\/v2\/media?parent=189442"}],"wp:term":[{"taxonomy":"category","embeddable":true,"href":"https:\/\/www.europesays.com\/pt\/wp-json\/wp\/v2\/categories?post=189442"},{"taxonomy":"post_tag","embeddable":true,"href":"https:\/\/www.europesays.com\/pt\/wp-json\/wp\/v2\/tags?post=189442"}],"curies":[{"name":"wp","href":"https:\/\/api.w.org\/{rel}","templated":true}]}}