{"id":189454,"date":"2025-12-15T15:53:19","date_gmt":"2025-12-15T15:53:19","guid":{"rendered":"https:\/\/www.europesays.com\/pt\/189454\/"},"modified":"2025-12-15T15:53:19","modified_gmt":"2025-12-15T15:53:19","slug":"taca-de-portugal-arbitros-vao-estrear-bodycams-nos-oitavos","status":"publish","type":"post","link":"https:\/\/www.europesays.com\/pt\/189454\/","title":{"rendered":"Ta\u00e7a de Portugal: \u00e1rbitros v\u00e3o estrear bodycams nos \u00aboitavos\u00bb"},"content":{"rendered":"<p style=\"margin-bottom:11px\">A Federa\u00e7\u00e3o Portuguesa de Futebol anunciou esta segunda-feira que vai estrear, na pr\u00f3xima eliminat\u00f3ria da Ta\u00e7a de Portugal [oitavos de final], o uso de c\u00e2maras corporais [bodycams], nos \u00e1rbitros, numa primeira fase de forma experimental.<\/p>\n<p>Um recurso in\u00e9dito nas competi\u00e7\u00f5es em Portugal que a FPF se refere como \u00abum passo pioneiro na ado\u00e7\u00e3o de novas tecnologias de arbitragem em competi\u00e7\u00f5es oficiais portuguesas\u00bb, mas que j\u00e1 tem vindo a ser testado a n\u00edvel internacional.<\/p>\n<p>As bodycams j\u00e1 foram utilizadas no \u00faltimo Mundial de Clubes e tamb\u00e9m na Ta\u00e7a Intercontinental, bem como, a t\u00edtulo experimental, no futebol amador em Inglaterra.<\/p>\n<p>A FPF decidiu avan\u00e7ar agora para a implementa\u00e7\u00e3o deste recurso tecnol\u00f3gico, assumindo uma \u00abposi\u00e7\u00e3o de vanguarda no futebol europeu\u00bb, proporcionando uma nova perspetiva sobre o desenrolar do jogo, agora do ponto de vista do \u00e1rbitro.<\/p>\n<p>A estreia das bodycams est\u00e1 marcada para os jogos dos oitavos de final da Ta\u00e7a de Portugal, \u00ababrindo um novo cap\u00edtulo na rela\u00e7\u00e3o entre arbitragem, tecnologia e espet\u00e1culo desportivo\u00bb, mas a iniciativa poder\u00e1 estender-se a outras competi\u00e7\u00f5es nacionais.<\/p>\n<p>\u00ab\u00c9 mais um passo na inova\u00e7\u00e3o e uma abordagem pioneira, provando que \u00e9 poss\u00edvel conjugar novas tecnologias com a arbitragem. A possibilidade dos adeptos, que est\u00e3o a seguir o jogo pela televis\u00e3o poderem aceder \u00e0 vis\u00e3o do \u00e1rbitro ir\u00e1 proporcionar uma experi\u00eancia diferente, mais pr\u00f3xima e mais humana, do jogo\u00bb, destacou o Presidente do Conselho de Arbitragem da FPF, Luciano Gon\u00e7alves.<\/p>\n","protected":false},"excerpt":{"rendered":"A Federa\u00e7\u00e3o Portuguesa de Futebol anunciou esta segunda-feira que vai estrear, na pr\u00f3xima eliminat\u00f3ria da Ta\u00e7a de Portugal&hellip;\n","protected":false},"author":2,"featured_media":189455,"comment_status":"","ping_status":"","sticky":false,"template":"","format":"standard","meta":{"footnotes":""},"categories":[87],"tags":[12416,38248,38247,38249,135,285,46,35712,32,33,47,134,3142],"class_list":{"0":"post-189454","1":"post","2":"type-post","3":"status-publish","4":"format-standard","5":"has-post-thumbnail","7":"category-desporto","8":"tag-arbitros","9":"tag-bodycam","10":"tag-bodycams","11":"tag-camaras-corporais","12":"tag-desporto","13":"tag-fpf","14":"tag-maisfutebol","15":"tag-oitavos-de-final","16":"tag-portugal","17":"tag-pt","18":"tag-pura-paixao","19":"tag-sports","20":"tag-taca-de-portugal"},"share_on_mastodon":{"url":"https:\/\/pubeurope.com\/@pt\/115724393144738557","error":""},"_links":{"self":[{"href":"https:\/\/www.europesays.com\/pt\/wp-json\/wp\/v2\/posts\/189454","targetHints":{"allow":["GET"]}}],"collection":[{"href":"https:\/\/www.europesays.com\/pt\/wp-json\/wp\/v2\/posts"}],"about":[{"href":"https:\/\/www.europesays.com\/pt\/wp-json\/wp\/v2\/types\/post"}],"author":[{"embeddable":true,"href":"https:\/\/www.europesays.com\/pt\/wp-json\/wp\/v2\/users\/2"}],"replies":[{"embeddable":true,"href":"https:\/\/www.europesays.com\/pt\/wp-json\/wp\/v2\/comments?post=189454"}],"version-history":[{"count":0,"href":"https:\/\/www.europesays.com\/pt\/wp-json\/wp\/v2\/posts\/189454\/revisions"}],"wp:featuredmedia":[{"embeddable":true,"href":"https:\/\/www.europesays.com\/pt\/wp-json\/wp\/v2\/media\/189455"}],"wp:attachment":[{"href":"https:\/\/www.europesays.com\/pt\/wp-json\/wp\/v2\/media?parent=189454"}],"wp:term":[{"taxonomy":"category","embeddable":true,"href":"https:\/\/www.europesays.com\/pt\/wp-json\/wp\/v2\/categories?post=189454"},{"taxonomy":"post_tag","embeddable":true,"href":"https:\/\/www.europesays.com\/pt\/wp-json\/wp\/v2\/tags?post=189454"}],"curies":[{"name":"wp","href":"https:\/\/api.w.org\/{rel}","templated":true}]}}