{"id":189460,"date":"2025-12-15T15:56:16","date_gmt":"2025-12-15T15:56:16","guid":{"rendered":"https:\/\/www.europesays.com\/pt\/189460\/"},"modified":"2025-12-15T15:56:16","modified_gmt":"2025-12-15T15:56:16","slug":"novo-resident-evil-remake-podera-chegar-ja-em-2027","status":"publish","type":"post","link":"https:\/\/www.europesays.com\/pt\/189460\/","title":{"rendered":"Novo Resident Evil remake poder\u00e1 chegar j\u00e1 em 2027"},"content":{"rendered":"<p>Ap\u00f3s Resident Evil 4 remake em 2023, a Capcom passou 2 anos sem novidades Resident Evil, mas sabemos que Requiem chega em fevereiro de 2026 para acabar com o longo per\u00edodo entre dois jogos da s\u00e9rie. Desde Resident Evil 7 em 2017, este \u00e9 o maior per\u00edodo de tempo sem novos jogos Resident Evil, sejam novidades ou remakes.<\/p>\n<p>No entanto, apesar desta diferen\u00e7a de quase 3 anos entre os dois mais recentes esfor\u00e7os na s\u00e9rie, n\u00e3o \u00e9 de esperar que a s\u00e9rie Resident Evil volte a ficar parada tanto tempo. De acordo com Dusk Golem, uma fonte n\u00e3o oficial j\u00e1 bem conhecida que voltou a recuperar a sua credibilidade com o an\u00fancio oficial de Leon em Requiem, est\u00e3o mais remakes a caminho e chegam nos pr\u00f3ximos anos.<\/p>\n<p>Questionado sobre as pr\u00f3ximas novidades em Resident Evil, Dusk Golem comentou que o remake de Resident Evil Code Veronica \u00e9 o pr\u00f3ximo grande projeto ap\u00f3s Requiem. Segundo diz, o remake ser\u00e1 anunciado em 2026 com o objetivo de o lan\u00e7ar em 2027 enquanto o remake de Resident Evil Zero poder\u00e1 chegar em 2028.<\/p>\n<p>Tendo em conta que a Capcom j\u00e1 fez algo similar no passado, lan\u00e7ou o remakes de Resident Evil 2 em 2019 e o remake de Resident Evil 3 em 2020 (antes de Village em 2021), n\u00e3o parece descabido que a companhia lance novamente dois remakes seguidos antes de apresentar Resident Evil 10.<\/p>\n","protected":false},"excerpt":{"rendered":"Ap\u00f3s Resident Evil 4 remake em 2023, a Capcom passou 2 anos sem novidades Resident Evil, mas sabemos&hellip;\n","protected":false},"author":2,"featured_media":189461,"comment_status":"","ping_status":"","sticky":false,"template":"","format":"standard","meta":{"footnotes":""},"categories":[84],"tags":[109,107,108,32,33,105,103,104,106,110],"class_list":{"0":"post-189460","1":"post","2":"type-post","3":"status-publish","4":"format-standard","5":"has-post-thumbnail","7":"category-ciencia-e-tecnologia","8":"tag-ciencia","9":"tag-ciencia-e-tecnologia","10":"tag-cienciaetecnologia","11":"tag-portugal","12":"tag-pt","13":"tag-science","14":"tag-science-and-technology","15":"tag-scienceandtechnology","16":"tag-technology","17":"tag-tecnologia"},"share_on_mastodon":{"url":"https:\/\/pubeurope.com\/@pt\/115724404831715190","error":""},"_links":{"self":[{"href":"https:\/\/www.europesays.com\/pt\/wp-json\/wp\/v2\/posts\/189460","targetHints":{"allow":["GET"]}}],"collection":[{"href":"https:\/\/www.europesays.com\/pt\/wp-json\/wp\/v2\/posts"}],"about":[{"href":"https:\/\/www.europesays.com\/pt\/wp-json\/wp\/v2\/types\/post"}],"author":[{"embeddable":true,"href":"https:\/\/www.europesays.com\/pt\/wp-json\/wp\/v2\/users\/2"}],"replies":[{"embeddable":true,"href":"https:\/\/www.europesays.com\/pt\/wp-json\/wp\/v2\/comments?post=189460"}],"version-history":[{"count":0,"href":"https:\/\/www.europesays.com\/pt\/wp-json\/wp\/v2\/posts\/189460\/revisions"}],"wp:featuredmedia":[{"embeddable":true,"href":"https:\/\/www.europesays.com\/pt\/wp-json\/wp\/v2\/media\/189461"}],"wp:attachment":[{"href":"https:\/\/www.europesays.com\/pt\/wp-json\/wp\/v2\/media?parent=189460"}],"wp:term":[{"taxonomy":"category","embeddable":true,"href":"https:\/\/www.europesays.com\/pt\/wp-json\/wp\/v2\/categories?post=189460"},{"taxonomy":"post_tag","embeddable":true,"href":"https:\/\/www.europesays.com\/pt\/wp-json\/wp\/v2\/tags?post=189460"}],"curies":[{"name":"wp","href":"https:\/\/api.w.org\/{rel}","templated":true}]}}