{"id":189462,"date":"2025-12-15T15:58:10","date_gmt":"2025-12-15T15:58:10","guid":{"rendered":"https:\/\/www.europesays.com\/pt\/189462\/"},"modified":"2025-12-15T15:58:10","modified_gmt":"2025-12-15T15:58:10","slug":"berlim-e-bruxelas-sao-palco-de-novas-negociacoes-sobre-futuro-da-ucrania","status":"publish","type":"post","link":"https:\/\/www.europesays.com\/pt\/189462\/","title":{"rendered":"Berlim e Bruxelas s\u00e3o palco de novas negocia\u00e7\u00f5es sobre futuro da Ucr\u00e2nia"},"content":{"rendered":"<p>                O futuro da Ucr\u00e2nia continua em jogo e volta estar em debate, esta segunda-feira, em dois campos. O presidente ucraniano e os enviados dos Estados Unidos para as negocia\u00e7\u00f5es de paz re\u00fanem-se novamente em Berlim. E em Bruxelas os ministros dos Neg\u00f3cios Estrangeiros da Uni\u00e3o Europeia tentam fechar a arquitetura dos novos apoios a Kiev, com vista aos pr\u00f3ximos dois anos, sendo o ponto mais premente acabar com o impasse no uso dos fundos russos que est\u00e3o congelados na Europa.<\/p>\n<p><b>&#8220;[As partes] concordaram em continuar amanh\u00e3&#8221;<\/b>, disse o conselheiro do chefe de Estado ucraniano \u00e0 sa\u00edda do encontro em Berlim, no qual esteve tamb\u00e9m presente o chanceler germ\u00e2nico, Friedrich Merz. Dmytro Lytvyn acrescentou, segundo a ag\u00eancia de not\u00edcias francesa AFP, que Volodymyr Zelensky falar\u00e1 esta segunda-feira.<\/p>\n<p>Al\u00e9m de uma segunda ronda de conversa\u00e7\u00f5es entre o l\u00edder ucraniano e os negociadores norte-americanos Steve Witkoff e Jared Kushner (genro de Donald Trump), ter\u00e1 ainda lugar esta segunda-feira, em Berlim, uma cimeira convocada pelo chanceler alem\u00e3o entre v\u00e1rios l\u00edderes europeus, das institui\u00e7\u00f5es comunit\u00e1rias e da NATO sobre o assunto.<\/p>\n<p>Witkoff adiantou, na noite passada, que as conversa\u00e7\u00f5es est\u00e3o a fazer progressos.<b>Zelensky, por seu lado, declarou que prop\u00f4s abandonar a ideia de a Ucr\u00e2nia entrar na Alian\u00e7a Atl\u00e2ntica como prova do esfor\u00e7o e da vontade de Kiev para p\u00f4r termo \u00e0 guerra.<\/b><br \/>\n          <img decoding=\"async\" itemprop=\"image\" class=\"img-fluid\"   src=\"https:\/\/www.europesays.com\/pt\/wp-content\/uploads\/2025\/12\/1765814289_73_bg_playeraudio_5.jpg\"\/><\/p>\n<p><b>O presidente ucraniano rejeitou, contudo, a press\u00e3o dos EUA para ceder territ\u00f3rios \u00e0 R\u00fassia.<\/b><\/p>\n<p>Ministros europeus tentam desbloquear apoio<br \/>\nEm Bruxelas, os ministros dos Neg\u00f3cios Estrangeiros v\u00e3o discutir, tamb\u00e9m esta segunda-feira, a proposta de apoio \u00e0 Ucr\u00e2nia para os pr\u00f3ximos dois anos, para tentar desbloque\u00e1-la a tempo da reuni\u00e3o de l\u00edderes da Uni\u00e3o Europeia (UE), marcada para o final da semana.<\/p>\n<p>O ministro portugu\u00eas dos Neg\u00f3cios Estrangeiros, Paulo Rangel, participa na reuni\u00e3o em Bruxelas encabe\u00e7ada pela alta representante da UE para os Neg\u00f3cios Estrangeiros e Pol\u00edtica de Seguran\u00e7a, Kaja Kallas.<b> Reuni\u00e3o centrada no apoio \u00e0 Ucr\u00e2nia para 2026 e 2027, e na proposta da Comiss\u00e3o Europeia para utilizar os recursos russos imobilizados na UE para pagar a destrui\u00e7\u00e3o perpetrada por Moscovo.<\/b><\/p>\n<p>A alta representante para a diplomacia europeia considerou que <b>esta semana &#8220;\u00e9 decisiva&#8221; para encontrar uma solu\u00e7\u00e3o para o financiamento \u00e0 Ucr\u00e2nia<\/b>, insistindo que a melhor op\u00e7\u00e3o \u00e9 utilizar os recursos russos imobilizados.<\/p>\n<p><b>\u201cEsta semana \u00e9 decisiva\u201d<\/b>, disse esta manh\u00e3 Kaja Kallas, \u00e0 entrada para uma reuni\u00e3o ministerial, em Bruxelas, reconhecendo que<b> as negocia\u00e7\u00f5es \u201cest\u00e3o cada vez mais dif\u00edceis\u201d.<\/b><br \/>&#13;\n<\/p>\n<p><b>&#8220;Temos muitas discuss\u00f5es hoje, come\u00e7ando pela Ucr\u00e2nia em termos de financiamento. \u00c9 pegar ou largar&#8221;<\/b>, disse ainda. &#8220;As decis\u00e3o que precisamos de tomar para apoiar a Ucr\u00e2nia s\u00e3o muito importantes&#8221;.<br \/>\n          <img decoding=\"async\" itemprop=\"image\" class=\"img-fluid\"   src=\"https:\/\/www.europesays.com\/pt\/wp-content\/uploads\/2025\/12\/1765814290_911_bg_playeraudio_2.jpg\"\/><\/p>\n<p>Segundo Kallas, <b>a utiliza\u00e7\u00e3o dos ativos russos que est\u00e3o congelados nos pa\u00edses da Uni\u00e3o Europeia continua a ser a maneira \u201cmais cred\u00edvel\u201d de resolver o problema para 2026 e 2027.<\/b><\/p>\n<p>\nO ministro ucraniano dos Neg\u00f3cios Estrangeiros, Andrii Sybiha, vai participar por videoconfer\u00eancia e dever\u00e1 fazer uma atualiza\u00e7\u00e3o dos esfor\u00e7os negociais com os Estados Unidos da Am\u00e9rica, das quais a UE foi exclu\u00edda por Washington, ainda que o acordo com a R\u00fassia possa delinear a nova arquitetura de seguran\u00e7a da Europa.<\/p>\n<p>Na \u00faltima sexta-feira, a UE aprovou, por maioria e com os votos contra da Hungria e Eslov\u00e1quia, uma decis\u00e3o para manter os ativos russos imobilizados indefinidamente no espa\u00e7o comunit\u00e1rio, servindo de base ao empr\u00e9stimo de repara\u00e7\u00f5es \u00e0 Ucr\u00e2nia.<\/p>\n<p>&#13;<br \/>\nRecorde-se que h\u00e1 duas semanas, a Comiss\u00e3o Europeia prop\u00f4s um pol\u00e9mico empr\u00e9stimo de repara\u00e7\u00f5es com base em ativos russos congelados e um cr\u00e9dito de menor dimens\u00e3o assente no or\u00e7amento da UE, para apoiar a Ucr\u00e2nia em 2026 e 2027.&#13;\n<\/p>\n<p>&#13;<br \/>\nc\/ ag\u00eancias&#13;<\/p>\n","protected":false},"excerpt":{"rendered":"O futuro da Ucr\u00e2nia continua em jogo e volta estar em debate, esta segunda-feira, em dois campos. O&hellip;\n","protected":false},"author":2,"featured_media":189463,"comment_status":"","ping_status":"","sticky":false,"template":"","format":"standard","meta":{"footnotes":""},"categories":[50],"tags":[27,28,15,16,889,14,25,26,21,22,62,12,13,19,20,23,24,839,17,18,840,29,30,31,636,63,64,65],"class_list":{"0":"post-189462","1":"post","2":"type-post","3":"status-publish","4":"format-standard","5":"has-post-thumbnail","7":"category-mundo","8":"tag-breaking-news","9":"tag-breakingnews","10":"tag-featured-news","11":"tag-featurednews","12":"tag-guerra-na-ucrania","13":"tag-headlines","14":"tag-latest-news","15":"tag-latestnews","16":"tag-main-news","17":"tag-mainnews","18":"tag-mundo","19":"tag-news","20":"tag-noticias","21":"tag-noticias-principais","22":"tag-noticiasprincipais","23":"tag-principais-noticias","24":"tag-principaisnoticias","25":"tag-russia","26":"tag-top-stories","27":"tag-topstories","28":"tag-ucrania","29":"tag-ultimas","30":"tag-ultimas-noticias","31":"tag-ultimasnoticias","32":"tag-uniao-europeia","33":"tag-world","34":"tag-world-news","35":"tag-worldnews"},"share_on_mastodon":{"url":"https:\/\/pubeurope.com\/@pt\/115724413042779934","error":""},"_links":{"self":[{"href":"https:\/\/www.europesays.com\/pt\/wp-json\/wp\/v2\/posts\/189462","targetHints":{"allow":["GET"]}}],"collection":[{"href":"https:\/\/www.europesays.com\/pt\/wp-json\/wp\/v2\/posts"}],"about":[{"href":"https:\/\/www.europesays.com\/pt\/wp-json\/wp\/v2\/types\/post"}],"author":[{"embeddable":true,"href":"https:\/\/www.europesays.com\/pt\/wp-json\/wp\/v2\/users\/2"}],"replies":[{"embeddable":true,"href":"https:\/\/www.europesays.com\/pt\/wp-json\/wp\/v2\/comments?post=189462"}],"version-history":[{"count":0,"href":"https:\/\/www.europesays.com\/pt\/wp-json\/wp\/v2\/posts\/189462\/revisions"}],"wp:featuredmedia":[{"embeddable":true,"href":"https:\/\/www.europesays.com\/pt\/wp-json\/wp\/v2\/media\/189463"}],"wp:attachment":[{"href":"https:\/\/www.europesays.com\/pt\/wp-json\/wp\/v2\/media?parent=189462"}],"wp:term":[{"taxonomy":"category","embeddable":true,"href":"https:\/\/www.europesays.com\/pt\/wp-json\/wp\/v2\/categories?post=189462"},{"taxonomy":"post_tag","embeddable":true,"href":"https:\/\/www.europesays.com\/pt\/wp-json\/wp\/v2\/tags?post=189462"}],"curies":[{"name":"wp","href":"https:\/\/api.w.org\/{rel}","templated":true}]}}