{"id":189464,"date":"2025-12-15T16:00:24","date_gmt":"2025-12-15T16:00:24","guid":{"rendered":"https:\/\/www.europesays.com\/pt\/189464\/"},"modified":"2025-12-15T16:00:24","modified_gmt":"2025-12-15T16:00:24","slug":"retomadas-buscas-por-tres-pescadores-desaparecidos-no-mar-ao-largo-de-caminha","status":"publish","type":"post","link":"https:\/\/www.europesays.com\/pt\/189464\/","title":{"rendered":"Retomadas buscas por tr\u00eas pescadores desaparecidos no mar ao largo de Caminha"},"content":{"rendered":"<p data-remotead-prev-elm=\"true\" data-remotead-elm-id=\"inread\">Segundo informa\u00e7\u00e3o divulgada pela Autoridade Mar\u00edtima Nacional, nas opera\u00e7\u00f5es, coordenadas pelo capit\u00e3o do porto de Caminha, Vieira Pereira, est\u00e3o empenhados meios da Esta\u00e7\u00e3o Salva-vidas de Viana do Castelo, da Capitania do Porto e do Comando Local da Pol\u00edcia Mar\u00edtima de Caminha e do Grupo de Mergulho Forense e Opera\u00e7\u00f5es Policiais Subaqu\u00e1ticas da Pol\u00edcia Mar\u00edtima (GMF-OPS). Est\u00e3o tamb\u00e9m mobilizados meios dos Bombeiros Volunt\u00e1rios de Caminha e de Vila Praia de \u00c2ncora, uma embarca\u00e7\u00e3o de salvamento mar\u00edtimo espanhola e duas aeronaves da For\u00e7a A\u00e9rea Portuguesa.<\/p>\n<p>Foi ainda ativado o Gabinete de Psicologia da Pol\u00edcia Mar\u00edtima, que se encontra a prestar apoio \u00e0s v\u00edtimas e aos familiares.<\/p>\n<p>O naufr\u00e1gio ocorreu este domingo ao final da manh\u00e3. A embarca\u00e7\u00e3o de pesca costeira &#8220;Vila de Caminha&#8221; virou, provavelmente devido a um golpe de mar. O mestre e um dos quatro pescadores que seguiam a bordo foram resgatados com vida, mas os restantes tr\u00eas continuam desaparecidos.<\/p>\n<p data-remotead-prev-elm=\"true\" data-remotead-elm-id=\"centro1\">O mestre, Nuno Castro, \u00e9 portugu\u00eas. J\u00e1 os pescadores s\u00e3o todos indon\u00e9sios.<\/p>\n<p>Os dois tripulantes salvos estavam em estado de hipotermia e em choque e foram transportados para o hospital de Viana do Castelo.<\/p>\n","protected":false},"excerpt":{"rendered":"Segundo informa\u00e7\u00e3o divulgada pela Autoridade Mar\u00edtima Nacional, nas opera\u00e7\u00f5es, coordenadas pelo capit\u00e3o do porto de Caminha, Vieira Pereira,&hellip;\n","protected":false},"author":2,"featured_media":189465,"comment_status":"","ping_status":"","sticky":false,"template":"","format":"standard","meta":{"footnotes":""},"categories":[10],"tags":[27,28,6031,20661,15,16,14,25,26,21,22,2758,12,13,19,20,32,23,24,33,17,18,29,30,31],"class_list":{"0":"post-189464","1":"post","2":"type-post","3":"status-publish","4":"format-standard","5":"has-post-thumbnail","7":"category-portugal","8":"tag-breaking-news","9":"tag-breakingnews","10":"tag-buscas","11":"tag-concelho-caminha","12":"tag-featured-news","13":"tag-featurednews","14":"tag-headlines","15":"tag-latest-news","16":"tag-latestnews","17":"tag-main-news","18":"tag-mainnews","19":"tag-naufragio","20":"tag-news","21":"tag-noticias","22":"tag-noticias-principais","23":"tag-noticiasprincipais","24":"tag-portugal","25":"tag-principais-noticias","26":"tag-principaisnoticias","27":"tag-pt","28":"tag-top-stories","29":"tag-topstories","30":"tag-ultimas","31":"tag-ultimas-noticias","32":"tag-ultimasnoticias"},"share_on_mastodon":{"url":"https:\/\/pubeurope.com\/@pt\/115724420639533841","error":""},"_links":{"self":[{"href":"https:\/\/www.europesays.com\/pt\/wp-json\/wp\/v2\/posts\/189464","targetHints":{"allow":["GET"]}}],"collection":[{"href":"https:\/\/www.europesays.com\/pt\/wp-json\/wp\/v2\/posts"}],"about":[{"href":"https:\/\/www.europesays.com\/pt\/wp-json\/wp\/v2\/types\/post"}],"author":[{"embeddable":true,"href":"https:\/\/www.europesays.com\/pt\/wp-json\/wp\/v2\/users\/2"}],"replies":[{"embeddable":true,"href":"https:\/\/www.europesays.com\/pt\/wp-json\/wp\/v2\/comments?post=189464"}],"version-history":[{"count":0,"href":"https:\/\/www.europesays.com\/pt\/wp-json\/wp\/v2\/posts\/189464\/revisions"}],"wp:featuredmedia":[{"embeddable":true,"href":"https:\/\/www.europesays.com\/pt\/wp-json\/wp\/v2\/media\/189465"}],"wp:attachment":[{"href":"https:\/\/www.europesays.com\/pt\/wp-json\/wp\/v2\/media?parent=189464"}],"wp:term":[{"taxonomy":"category","embeddable":true,"href":"https:\/\/www.europesays.com\/pt\/wp-json\/wp\/v2\/categories?post=189464"},{"taxonomy":"post_tag","embeddable":true,"href":"https:\/\/www.europesays.com\/pt\/wp-json\/wp\/v2\/tags?post=189464"}],"curies":[{"name":"wp","href":"https:\/\/api.w.org\/{rel}","templated":true}]}}