{"id":189466,"date":"2025-12-15T16:01:37","date_gmt":"2025-12-15T16:01:37","guid":{"rendered":"https:\/\/www.europesays.com\/pt\/189466\/"},"modified":"2025-12-15T16:01:37","modified_gmt":"2025-12-15T16:01:37","slug":"tiroteio-em-bondi-beach-o-que-se-sabe-ate-agora","status":"publish","type":"post","link":"https:\/\/www.europesays.com\/pt\/189466\/","title":{"rendered":"Tiroteio em Bondi Beach: o que se sabe at\u00e9 agora"},"content":{"rendered":"<p>Pelo menos 15 pessoas foram mortas quando homens armados abriram fogo numa celebra\u00e7\u00e3o do Hanukkah na praia de Bondi, em Sydney, no domingo \u00e0 noite. As autoridades australianas declararam que se tratava de um ataque terrorista contra a comunidade judaica.<\/p>\n<p>O tiroteio come\u00e7ou por volta das 18:45 horas locais de domingo na praia de Bondi, nos sub\u00farbios orientais de Sydney.<\/p>\n<p>Cerca de 1000 pessoas tinham-se reunido para o &#8220;Chanukah by the Sea&#8221;, um evento anual organizado pelo Chabad de Bondi para celebrar a primeira noite de Hanukkah.<\/p>\n<p>Dois homens armados, vestidos de preto abriram fogo com armas longas a partir de uma ponte pedonal que d\u00e1 acesso \u00e0 praia, disparando durante cerca de 10 minutos.<\/p>\n<p>Testemunhas descreveram o caos e o p\u00e2nico quando centenas de pessoas fugiram pela areia e para as ruas pr\u00f3ximas, muitas abandonando os seus pertences.<\/p>\n<p>As v\u00edtimas<\/p>\n<p>Quinze pessoas morreram na sequ\u00eancia no ataque. Um dos atiradores tamb\u00e9m foi morto a tiro pela pol\u00edcia, enquanto o outro permanece em estado cr\u00edtico.<\/p>\n<p>Pelo menos 40 pessoas, com idades compreendidas entre os 10 e os 87 anos, foram encaminhadas para hospitais para receberem tratamento m\u00e9dico. Tr\u00eas crian\u00e7as continuam hospitalizadas.<\/p>\n<p>Dois pol\u00edcias foram baleados e encontram-se em estado grave ap\u00f3s terem sido submetidos a uma interven\u00e7\u00e3o cir\u00fargica. <\/p>\n<p>As v\u00edtimas identificadas at\u00e9 ao momento incluem o rabino Eli Schlanger, rabino assistente do Chabad de Bondi e um dos principais organizadores do evento, uma menina de 12 anos, Alex Kleytman, um sobrevivente do Holocausto, Dan Elkayam, um cidad\u00e3o franc\u00eas, e um cidad\u00e3o israelita, de acordo com o Minist\u00e9rio dos Neg\u00f3cios Estrangeiros de Israel.<\/p>\n<p>Os suspeitos<\/p>\n<p>A pol\u00edcia identificou os dois atacantes como sendo pai e filho.<\/p>\n<p>O pai, de 50 anos, foi baleado e morto pela pol\u00edcia no local do crime. Segundo o comiss\u00e1rio da Pol\u00edcia de NSW, Mal Lanyon, o suspeito era um comerciante de armas de fogo, tendo seis registadas em seu nome.<\/p>\n<p>O filho, de 24 anos, encontra-se em estado cr\u00edtico mas est\u00e1vel no hospital, atualmente sob cust\u00f3dia da pol\u00edcia. Foi identificado como Naveed Akram, de Bonnyrigg, no sudoeste de Sydney. De acordo com o primeiro-ministro australiano, Akram j\u00e1 era conhecido pelas ag\u00eancias de seguran\u00e7a do pa\u00eds. <\/p>\n<p>A pol\u00edcia fez uma rusga numa casa em Bonnyrigg ligada a um dos suspeitos.<\/p>\n<p>O diretor-geral da ASIO, Mike Burgess, confirmou que apesar de um dos suspeitos ser conhecido da Organiza\u00e7\u00e3o Australiana de Informa\u00e7\u00f5es de Seguran\u00e7a, n\u00e3o era considerado uma amea\u00e7a imediata.<\/p>\n<p>Inicialmente, as autoridades investigaram se uma terceira pessoa estava envolvida, mas j\u00e1 n\u00e3o est\u00e3o \u00e0 procura de outros suspeitos.<\/p>\n<p>A pol\u00edcia encontrou e retirou dispositivos explosivos improvisados de um ve\u00edculo na Campbell Parade, ligado a um dos atiradores.<\/p>\n<p>O her\u00f3i<\/p>\n<p>Durante o ataque, imagens de v\u00eddeo mostram um<a href=\"https:\/\/pt.euronews.com\/2025\/12\/14\/quem-e-o-heroi-de-sydney-que-desarmou-um-dos-terroristas-no-ataque-de-bondi-beach\" rel=\"nofollow noopener\" target=\"_blank\"> <strong>homem de camisa branca a agarrar um dos atiradores<\/strong><\/a> por tr\u00e1s e a retirar-lhe a espingarda.<\/p>\n<p>Os meios de comunica\u00e7\u00e3o australianos identificaram-no como Ahmed al-Ahmed, 43 anos, propriet\u00e1rio de uma banca de fruta em Sydney.<\/p>\n<p>Al-Ahmed foi atingido por dois tiros durante a luta, um no bra\u00e7o e outro na m\u00e3o. Foi submetido a uma interven\u00e7\u00e3o cir\u00fargica e est\u00e1 a recuperar.<\/p>\n<p>O primeiro-ministro de Nova Gales do Sul, Chris Minns, chamou-lhe &#8220;um verdadeiro her\u00f3i&#8221;, afirmando que &#8220;h\u00e1 muitas, muitas pessoas vivas esta noite gra\u00e7as \u00e0 sua coragem&#8221;.<\/p>\n<p>A rea\u00e7\u00e3o<\/p>\n<p>O primeiro-ministro Anthony Albanese declarou que que o ataque tratava-se de &#8220;um ato de pura maldade, um ato de antissemitismo, um ato de terrorismo&#8221;.<\/p>\n<p>&#8220;Este foi um ataque deliberadamente dirigido contra a comunidade judaica no primeiro dia do Hanukkah&#8221;, afirmou. &#8220;Um ataque aos australianos judeus \u00e9 um ataque a todos os australianos.&#8221;<\/p>\n<p>A pol\u00edcia declarou o incidente terrorista \u00e0s 21h36 (hora local) de domingo.<\/p>\n<p>A unidade antiterrorista da Austr\u00e1lia est\u00e1 a liderar a investiga\u00e7\u00e3o. As bandeiras de toda a Austr\u00e1lia est\u00e3o a meia haste ap\u00f3s a trag\u00e9dia que mereceu condena\u00e7\u00e3o de v\u00e1rios l\u00edderes mundiais. <\/p>\n<p>O presidente franc\u00eas, Emmanuel Macron, considerou-o &#8220;um ataque terrorista antissemita&#8221; e prometeu continuar a lutar contra o &#8220;\u00f3dio antissemita&#8221;.<\/p>\n<p>O presidente israelita Isaac Herzog disse que os cora\u00e7\u00f5es israelitas &#8220;est\u00e3o com as nossas irm\u00e3s e irm\u00e3os judeus em Sydney&#8221; e apelou \u00e0 Austr\u00e1lia para combater &#8220;a enorme onda de antissemitismo&#8221;.<\/p>\n<p>J\u00e1 o primeiro-ministro israelita, Benjamin Netanyahu, acusou o governo australiano de &#8220;deitar lenha na fogueira antissemita&#8221;.<\/p>\n<p>O secret\u00e1rio de Estado dos EUA, Marco Rubio, afirmou que &#8220;o antissemitismo n\u00e3o tem lugar neste mundo&#8221;.<\/p>\n<p>&#8220;As nossas ora\u00e7\u00f5es est\u00e3o com as v\u00edtimas deste horr\u00edvel ataque, com a comunidade judaica e com o povo da Austr\u00e1lia&#8221;, disse Rubio.<\/p>\n<p>O rei Carlos III e a rainha Camila, do Reino Unido, disseram estar &#8220;chocados e tristes com o mais terr\u00edvel ataque terrorista antissemita&#8221; e elogiaram as ac\u00e7\u00f5es her\u00f3icas da pol\u00edcia e dos transeuntes.<\/p>\n<p>O ataque \u00e9 o tiroteio mais mort\u00edfero na Austr\u00e1lia desde o massacre de Port Arthur em 1996, quando um atirador solit\u00e1rio matou 35 pessoas na Tasm\u00e2nia. Essa trag\u00e9dia levou a reformas profundas no controlo das armas.<\/p>\n<p>A Austr\u00e1lia registou um aumento acentuado dos incidentes antissemitas desde outubro de 2023. O Conselho Executivo dos Judeus Australianos documentou 1 654 incidentes antijudaicos entre outubro de 2024 e setembro deste ano, quase cinco vezes mais do que a m\u00e9dia anterior a outubro de 2023.<\/p>\n<p>Os mais recentes incidentes antissemitas na Austr\u00e1lia incluem ataques incendi\u00e1rios a uma sinagoga de Melbourne e a um restaurante kosher de Sydney em 2024, que as autoridades associaram ao Ir\u00e3o.<\/p>\n<p>Bondi Beach \u00e9 uma das praias mais famosas da Austr\u00e1lia, atraindo mais de 2 milh\u00f5es de turistas em 2024. Os sub\u00farbios orientais de Sidney albergam cerca de um ter\u00e7o da comunidade judaica australiana de 150 000 pessoas.<\/p>\n","protected":false},"excerpt":{"rendered":"Pelo menos 15 pessoas foram mortas quando homens armados abriram fogo numa celebra\u00e7\u00e3o do Hanukkah na praia de&hellip;\n","protected":false},"author":2,"featured_media":189467,"comment_status":"","ping_status":"","sticky":false,"template":"","format":"standard","meta":{"footnotes":""},"categories":[8],"tags":[321,24782,2337,27,28,15,16,14,25,26,21,22,12,13,19,20,32,23,24,33,17,18,29,30,31],"class_list":{"0":"post-189466","1":"post","2":"type-post","3":"status-publish","4":"format-standard","5":"has-post-thumbnail","7":"category-principais-noticias","8":"tag-antissemitismo","9":"tag-atentado-ataque","10":"tag-australia","11":"tag-breaking-news","12":"tag-breakingnews","13":"tag-featured-news","14":"tag-featurednews","15":"tag-headlines","16":"tag-latest-news","17":"tag-latestnews","18":"tag-main-news","19":"tag-mainnews","20":"tag-news","21":"tag-noticias","22":"tag-noticias-principais","23":"tag-noticiasprincipais","24":"tag-portugal","25":"tag-principais-noticias","26":"tag-principaisnoticias","27":"tag-pt","28":"tag-top-stories","29":"tag-topstories","30":"tag-ultimas","31":"tag-ultimas-noticias","32":"tag-ultimasnoticias"},"share_on_mastodon":{"url":"https:\/\/pubeurope.com\/@pt\/115724424576760350","error":""},"_links":{"self":[{"href":"https:\/\/www.europesays.com\/pt\/wp-json\/wp\/v2\/posts\/189466","targetHints":{"allow":["GET"]}}],"collection":[{"href":"https:\/\/www.europesays.com\/pt\/wp-json\/wp\/v2\/posts"}],"about":[{"href":"https:\/\/www.europesays.com\/pt\/wp-json\/wp\/v2\/types\/post"}],"author":[{"embeddable":true,"href":"https:\/\/www.europesays.com\/pt\/wp-json\/wp\/v2\/users\/2"}],"replies":[{"embeddable":true,"href":"https:\/\/www.europesays.com\/pt\/wp-json\/wp\/v2\/comments?post=189466"}],"version-history":[{"count":0,"href":"https:\/\/www.europesays.com\/pt\/wp-json\/wp\/v2\/posts\/189466\/revisions"}],"wp:featuredmedia":[{"embeddable":true,"href":"https:\/\/www.europesays.com\/pt\/wp-json\/wp\/v2\/media\/189467"}],"wp:attachment":[{"href":"https:\/\/www.europesays.com\/pt\/wp-json\/wp\/v2\/media?parent=189466"}],"wp:term":[{"taxonomy":"category","embeddable":true,"href":"https:\/\/www.europesays.com\/pt\/wp-json\/wp\/v2\/categories?post=189466"},{"taxonomy":"post_tag","embeddable":true,"href":"https:\/\/www.europesays.com\/pt\/wp-json\/wp\/v2\/tags?post=189466"}],"curies":[{"name":"wp","href":"https:\/\/api.w.org\/{rel}","templated":true}]}}