{"id":189497,"date":"2025-12-15T16:30:15","date_gmt":"2025-12-15T16:30:15","guid":{"rendered":"https:\/\/www.europesays.com\/pt\/189497\/"},"modified":"2025-12-15T16:30:15","modified_gmt":"2025-12-15T16:30:15","slug":"embarcacao-em-caminha-virou-apos-sofrer-avaria-mecanica-diz-sobrevivente","status":"publish","type":"post","link":"https:\/\/www.europesays.com\/pt\/189497\/","title":{"rendered":"Embarca\u00e7\u00e3o em Caminha virou ap\u00f3s sofrer &#8220;avaria mec\u00e2nica&#8221;, diz sobrevivente"},"content":{"rendered":"<p data-remotead-prev-elm=\"true\" data-remotead-elm-id=\"inread\">O mestre da embarca\u00e7\u00e3o, Nuno Castro, de 41 anos, e um dos quatro pescadores indon\u00e9sios que seguiam a bordo, conseguiram agarrar-se a uma boia e foram arrastados at\u00e9 \u00e0 ilha, onde o barco de pesca costeira com 11,5 metros acabou tamb\u00e9m por encalhar no meio de rochas. Quando os meios de salvamento e outros pescadores chegaram ao local, os dois sobreviventes j\u00e1 se encontravam em terra, mas em estado de hipotermia e &#8220;muito maltratados&#8221; pela luta permanente que travaram com o mar para permanecer vivos. Foram resgatados e transportados para o hospital de Viana do Castelo, enquanto os restantes tr\u00eas homens desapareceram.<\/p>\n","protected":false},"excerpt":{"rendered":"O mestre da embarca\u00e7\u00e3o, Nuno Castro, de 41 anos, e um dos quatro pescadores indon\u00e9sios que seguiam a&hellip;\n","protected":false},"author":2,"featured_media":189498,"comment_status":"","ping_status":"","sticky":false,"template":"","format":"standard","meta":{"footnotes":""},"categories":[10],"tags":[27,28,6031,20661,15,16,14,25,26,21,22,2758,12,13,19,20,21461,32,23,24,33,17,18,29,30,31],"class_list":{"0":"post-189497","1":"post","2":"type-post","3":"status-publish","4":"format-standard","5":"has-post-thumbnail","7":"category-portugal","8":"tag-breaking-news","9":"tag-breakingnews","10":"tag-buscas","11":"tag-concelho-caminha","12":"tag-featured-news","13":"tag-featurednews","14":"tag-headlines","15":"tag-latest-news","16":"tag-latestnews","17":"tag-main-news","18":"tag-mainnews","19":"tag-naufragio","20":"tag-news","21":"tag-noticias","22":"tag-noticias-principais","23":"tag-noticiasprincipais","24":"tag-pescadores","25":"tag-portugal","26":"tag-principais-noticias","27":"tag-principaisnoticias","28":"tag-pt","29":"tag-top-stories","30":"tag-topstories","31":"tag-ultimas","32":"tag-ultimas-noticias","33":"tag-ultimasnoticias"},"share_on_mastodon":{"url":"https:\/\/pubeurope.com\/@pt\/115724538712758495","error":""},"_links":{"self":[{"href":"https:\/\/www.europesays.com\/pt\/wp-json\/wp\/v2\/posts\/189497","targetHints":{"allow":["GET"]}}],"collection":[{"href":"https:\/\/www.europesays.com\/pt\/wp-json\/wp\/v2\/posts"}],"about":[{"href":"https:\/\/www.europesays.com\/pt\/wp-json\/wp\/v2\/types\/post"}],"author":[{"embeddable":true,"href":"https:\/\/www.europesays.com\/pt\/wp-json\/wp\/v2\/users\/2"}],"replies":[{"embeddable":true,"href":"https:\/\/www.europesays.com\/pt\/wp-json\/wp\/v2\/comments?post=189497"}],"version-history":[{"count":0,"href":"https:\/\/www.europesays.com\/pt\/wp-json\/wp\/v2\/posts\/189497\/revisions"}],"wp:featuredmedia":[{"embeddable":true,"href":"https:\/\/www.europesays.com\/pt\/wp-json\/wp\/v2\/media\/189498"}],"wp:attachment":[{"href":"https:\/\/www.europesays.com\/pt\/wp-json\/wp\/v2\/media?parent=189497"}],"wp:term":[{"taxonomy":"category","embeddable":true,"href":"https:\/\/www.europesays.com\/pt\/wp-json\/wp\/v2\/categories?post=189497"},{"taxonomy":"post_tag","embeddable":true,"href":"https:\/\/www.europesays.com\/pt\/wp-json\/wp\/v2\/tags?post=189497"}],"curies":[{"name":"wp","href":"https:\/\/api.w.org\/{rel}","templated":true}]}}