{"id":189514,"date":"2025-12-15T16:46:11","date_gmt":"2025-12-15T16:46:11","guid":{"rendered":"https:\/\/www.europesays.com\/pt\/189514\/"},"modified":"2025-12-15T16:46:11","modified_gmt":"2025-12-15T16:46:11","slug":"quem-sao-os-filhos-rob-reiner-diretor-de-harry-e-sally-assassinado-nos-estados-unidos","status":"publish","type":"post","link":"https:\/\/www.europesays.com\/pt\/189514\/","title":{"rendered":"Quem s\u00e3o os filhos Rob Reiner, diretor de \u2018Harry e Sally\u2019 assassinado nos Estados Unidos"},"content":{"rendered":"<p><img  loading=\"lazy\" class=\"lazy-load-img\"\/><\/p>\n<p>Rob Reiner e Michele Singer com os filhos Jake, Nick e Romy Reiner; cineasta e esposa foram encontrados mortos em sua casa neste domingo, 14\u00a0Foto:  @michelereiner via Instagram\/Reprodu\u00e7\u00e3o<\/p>\n<p data-component-name=\"paragraph\" class=\"styles__ParagraphStyled-sc-6adecn-0 gsLklW  \">Assassinado ao lado da esposa, <strong>Michelle Singer<\/strong>, na tarde do \u00faltimo domingo, 14, <strong>Rob Reiner<\/strong> foi morto por ataques de arma branca em sua casa, em Los Angeles. O cineasta deixa tr\u00eas filhos biol\u00f3gicos, frutos de seu casamento com Singer, e uma filha adotiva de sua primeira uni\u00e3o com <strong>Penny Marshall<\/strong>, com quem ficou entre 1971 e 1981.<\/p>\n<p data-component-name=\"paragraph\" class=\"styles__ParagraphStyled-sc-6adecn-0 gsLklW  \">De uma forma ou de outra, todos os filhos de Reiner tiveram algum envolvimento com a arte, com alguns deles at\u00e9 tentando seguir os passos do cineasta. Conhe\u00e7a abaixo um pouco mais sobre os herdeiros do diretor:<\/p>\n<p><img  loading=\"lazy\" class=\"lazy-load-img\"\/><\/p>\n<p>Michele Singer e Rob Reiner com os filhos Nick, Romy, e Jake\u00a0Foto:  Evan Agostini\/Invision\/AP <\/p>\n<p>Tracy Reiner<\/p>\n<p>Filha de Penny Marshall, primeira esposa de Reiner, <strong>Tracy<\/strong>, 61, foi adotada pelo diretor ap\u00f3s a formaliza\u00e7\u00e3o da uni\u00e3o. Muito pr\u00f3xima do cineasta, ela chegou a aparecer em alguns filmes como Apollo 13, Harry e Sally &#8211; Feitos Um para o Outro, Duro de Matar e Uma Equipe Muito Especial. <\/p>\n<p>A maior parte dos pap\u00e9is de Tracy foram pequenos, como participa\u00e7\u00f5es em diversos filmes e s\u00e9ries ao longo dos anos, o mais recente foi Chloe e Theo, de 2015, em que ela viveu uma mulher sem-teto.<\/p>\n<p>Jake Reiner<\/p>\n<p data-component-name=\"paragraph\" class=\"styles__ParagraphStyled-sc-6adecn-0 gsLklW  \">Rep\u00f3rter, podcaster, ator e roteirista, <strong>Jake Reiner<\/strong>, 34, \u00e9 o filho mais velho de Reiner e Singer. Inicialmente, ele seguiu a carreira de jornalista por anos antes de tentar entrar em Hollywood. Assim como Tracy, Jake era bem pr\u00f3ximo dos pais, fazendo muitas apari\u00e7\u00f5es ao lado deles no tapete vermelho.<\/p>\n<p data-component-name=\"paragraph\" class=\"styles__ParagraphStyled-sc-6adecn-0 gsLklW  \">Jake tamb\u00e9m teve algumas pequenas participa\u00e7\u00f5es em produ\u00e7\u00f5es hollywoodianas, aparecendo na segunda temporada de Monstros, dramatiza\u00e7\u00e3o de crimes reais criada por <strong>Ryan Murphy<\/strong>, Segura a Onda e, mais recentemente, Guerra dos Mundos.<\/p>\n<p>Nick Reiner<\/p>\n<p data-component-name=\"paragraph\" class=\"styles__ParagraphStyled-sc-6adecn-0 gsLklW  \">Filho do meio do casal Reiner e Singer, <strong>Nick Reiner<\/strong>, 32, sempre teve uma rela\u00e7\u00e3o conturbada com os pais. Ele passou dezenas de vezes por cl\u00ednicas de reabilita\u00e7\u00e3o, a primeira delas quando ele tinha 15 anos. Ele chegou a escrever um filme semiautobiogr\u00e1fico inspirado em suas experi\u00eancias com o v\u00edcio, Being Charlie, dirigido pelo pai e lan\u00e7ado em 2015.<\/p>\n<p data-component-name=\"paragraph\" class=\"styles__ParagraphStyled-sc-6adecn-0 gsLklW  \">Nick \u00e9 atualmente o principal suspeito pelas mortes de Reiner e Singer, com fontes pr\u00f3ximas \u00e0 fam\u00edlia falando a publica\u00e7\u00f5es estadunidenses que ele inclusive foi <a href=\"https:\/\/www.estadao.com.br\/cultura\/cinema\/o-que-se-sabe-sobre-a-morte-de-rob-reiner-nprec\/\" target=\"_blank\" rel=\"nofollow noopener\" title=\"https:\/\/www.estadao.com.br\/cultura\/cinema\/o-que-se-sabe-sobre-a-morte-de-rob-reiner-nprec\/\">levado para ser questionado pela pol\u00edcia<\/a>.<\/p>\n<p>Romy Reiner <\/p>\n<p data-component-name=\"paragraph\" class=\"styles__ParagraphStyled-sc-6adecn-0 gsLklW  \"><strong>Romy Reiner<\/strong> \u00e9 a ca\u00e7ula entre os quatro filhos de Reiner. A artista de 28 anos \u00e9 conhecida por seu trabalho como pintora e fot\u00f3grafa, al\u00e9m de trabalhar tamb\u00e9m com textos e design de interiores.<\/p>\n<p data-component-name=\"paragraph\" class=\"styles__ParagraphStyled-sc-6adecn-0 gsLklW  \">De acordo com a revista People, foi Romy quem encontrou o corpo dos pais em sua casa e acionou a emerg\u00eancia.<\/p>\n","protected":false},"excerpt":{"rendered":"Rob Reiner e Michele Singer com os filhos Jake, Nick e Romy Reiner; cineasta e esposa foram encontrados&hellip;\n","protected":false},"author":2,"featured_media":189515,"comment_status":"","ping_status":"","sticky":false,"template":"","format":"standard","meta":{"footnotes":""},"categories":[145],"tags":[211,210,114,115,147,7366,32,33],"class_list":{"0":"post-189514","1":"post","2":"type-post","3":"status-publish","4":"format-standard","5":"has-post-thumbnail","7":"category-celebridades","8":"tag-celebridades","9":"tag-celebrities","10":"tag-entertainment","11":"tag-entretenimento","12":"tag-film","13":"tag-horizontal","14":"tag-portugal","15":"tag-pt"},"share_on_mastodon":{"url":"https:\/\/pubeurope.com\/@pt\/115724601436126776","error":""},"_links":{"self":[{"href":"https:\/\/www.europesays.com\/pt\/wp-json\/wp\/v2\/posts\/189514","targetHints":{"allow":["GET"]}}],"collection":[{"href":"https:\/\/www.europesays.com\/pt\/wp-json\/wp\/v2\/posts"}],"about":[{"href":"https:\/\/www.europesays.com\/pt\/wp-json\/wp\/v2\/types\/post"}],"author":[{"embeddable":true,"href":"https:\/\/www.europesays.com\/pt\/wp-json\/wp\/v2\/users\/2"}],"replies":[{"embeddable":true,"href":"https:\/\/www.europesays.com\/pt\/wp-json\/wp\/v2\/comments?post=189514"}],"version-history":[{"count":0,"href":"https:\/\/www.europesays.com\/pt\/wp-json\/wp\/v2\/posts\/189514\/revisions"}],"wp:featuredmedia":[{"embeddable":true,"href":"https:\/\/www.europesays.com\/pt\/wp-json\/wp\/v2\/media\/189515"}],"wp:attachment":[{"href":"https:\/\/www.europesays.com\/pt\/wp-json\/wp\/v2\/media?parent=189514"}],"wp:term":[{"taxonomy":"category","embeddable":true,"href":"https:\/\/www.europesays.com\/pt\/wp-json\/wp\/v2\/categories?post=189514"},{"taxonomy":"post_tag","embeddable":true,"href":"https:\/\/www.europesays.com\/pt\/wp-json\/wp\/v2\/tags?post=189514"}],"curies":[{"name":"wp","href":"https:\/\/api.w.org\/{rel}","templated":true}]}}