{"id":189527,"date":"2025-12-15T16:58:09","date_gmt":"2025-12-15T16:58:09","guid":{"rendered":"https:\/\/www.europesays.com\/pt\/189527\/"},"modified":"2025-12-15T16:58:09","modified_gmt":"2025-12-15T16:58:09","slug":"alberto-joao-jardim-elogia-lideres-do-ps-e-aconselha-celia-pessegueiro","status":"publish","type":"post","link":"https:\/\/www.europesays.com\/pt\/189527\/","title":{"rendered":"Alberto Jo\u00e3o Jardim elogia l\u00edderes do PS e aconselha C\u00e9lia Pessegueiro"},"content":{"rendered":"<p><strong>Sobre C\u00e9lia Pessegueiro, que se tornou neste domingo a primeira mulher a liderar o PS-Madeira, Alberto Jo\u00e3o Jardim n\u00e3o se limitou a defender que a ex-presidente da C\u00e2mara de Ponta do Sol &#8220;tem um curr\u00edculo a merecer respeito c\u00edvico&#8221;. <\/strong>Tamb\u00e9m lhe deixou conselhos, escrevendo que a nova secret\u00e1ria-geral &#8220;ter\u00e1 de perceber com quem conta e n\u00e3o perder tempo com a &#8216;esquerda caviar&#8217; nem &#8216;comunas'&#8221;.<\/p>\n<p>&#8220;Ter\u00e1 de ser ela e n\u00e3o instrumento de outros&#8221;, escreveu o hist\u00f3rico social-democrata, que antev\u00ea &#8220;um grande teste&#8221; para C\u00e9lia Pessegueiro, pois deve &#8220;autoavaliar se tem estatuto cred\u00edvel para ser candidata a presidente do Governo Regional da Madeira&#8221; e &#8220;assumir-se na luta pela autonomia&#8221;. Caso contr\u00e1rio, ressalva Alberto Jo\u00e3o Jardim, &#8220;ser\u00e1 PS mais do mesmo, misturado \u00e0 pseudo-esquerda folcl\u00f3rica&#8221;.<\/p>\n<p><strong>Mas tamb\u00e9m o anterior l\u00edder socialista, Paulo Caf\u00f4fo, que nas elei\u00e7\u00f5es regionais de 2019 ficou a pouco mais de cinco mil votos do que seria uma vit\u00f3ria in\u00e9dita do seu partido na regi\u00e3o aut\u00f3noma<\/strong> &#8211; ap\u00f3s ter conseguido conquistar a C\u00e2mara do Funchal nas aut\u00e1rquicas de 2013 e de 2017 -, mereceu elogios de Alberto Jo\u00e3o Jardim.<\/p>\n<p>&#8220;Trabalhou pela democracia e pela autonomia. <strong>Testemunho-o, apesar das diferen\u00e7as ideol\u00f3gicas. Estas pessoas t\u00eam de ser respeitadas, ao contr\u00e1rio dos palha\u00e7os que queriam voltar a impor regimes totalit\u00e1rios&#8221;, escreveu o homem que liderou a Regi\u00e3o Aut\u00f3noma da Madeira entre 1978 e 2015<\/strong>. Sem se esquecer de real\u00e7ar que Caf\u00f4fo &#8220;teve o azar de pegar num partido que, na Madeira, se autodestruiu logo desde o 25 de Abril, quando ao lado dos comunistas, enquanto M\u00e1rio Soares os combatia, e at\u00e9 mais extremados&#8221;.<\/p>\n<p>Nos \u00faltimos anos, o PS-Madeira tem dado sinais de crise que culminaram no segundo afastamento de Paulo Caf\u00f4fo, que fora l\u00edder regional antes de assumir a Secretaria de Estado das Comunidades Portuguesas. <strong>Nas elei\u00e7\u00f5es regionais de 23 de mar\u00e7o de 2025, o partido foi apenas o terceiro mais votado, com 15,64% e oito deputados, perdendo a lideran\u00e7a da oposi\u00e7\u00e3o para o Juntos pelo Povo, que teve 21,05% e obteve 11 mandatos na Assembleia Legislativa Regional.<\/strong><\/p>\n<p>A tend\u00eancia negativa para o PS-Madeira manteve-se nas aut\u00e1rquicas, pois <strong>n\u00e3o s\u00f3 C\u00e9lia Pessegueiro falhou a reelei\u00e7\u00e3o em Ponta do Sol (deixando o Machico e Porto Moniz como \u00fanicas autarquias socialistas), como o partido foi relegado para a quarta posi\u00e7\u00e3o no Funchal,<\/strong> atr\u00e1s da coliga\u00e7\u00e3o PSD-CDS, do Juntos pelo Povo e do Chega.<\/p>\n","protected":false},"excerpt":{"rendered":"Sobre C\u00e9lia Pessegueiro, que se tornou neste domingo a primeira mulher a liderar o PS-Madeira, Alberto Jo\u00e3o Jardim&hellip;\n","protected":false},"author":2,"featured_media":189528,"comment_status":"","ping_status":"","sticky":false,"template":"","format":"standard","meta":{"footnotes":""},"categories":[10],"tags":[38257,27,28,15,16,14,25,26,21,22,12,13,19,20,38256,32,23,24,26639,38255,33,38258,17,18,29,30,31],"class_list":{"0":"post-189527","1":"post","2":"type-post","3":"status-publish","4":"format-standard","5":"has-post-thumbnail","7":"category-portugal","8":"tag-alberto-joao-jardim","9":"tag-breaking-news","10":"tag-breakingnews","11":"tag-featured-news","12":"tag-featurednews","13":"tag-headlines","14":"tag-latest-news","15":"tag-latestnews","16":"tag-main-news","17":"tag-mainnews","18":"tag-news","19":"tag-noticias","20":"tag-noticias-principais","21":"tag-noticiasprincipais","22":"tag-paulo-cafofo","23":"tag-portugal","24":"tag-principais-noticias","25":"tag-principaisnoticias","26":"tag-ps-madeira","27":"tag-psd-madeira","28":"tag-pt","29":"tag-regiao-autonoma-da-madeira","30":"tag-top-stories","31":"tag-topstories","32":"tag-ultimas","33":"tag-ultimas-noticias","34":"tag-ultimasnoticias"},"share_on_mastodon":{"url":"https:\/\/pubeurope.com\/@pt\/115724648733498413","error":""},"_links":{"self":[{"href":"https:\/\/www.europesays.com\/pt\/wp-json\/wp\/v2\/posts\/189527","targetHints":{"allow":["GET"]}}],"collection":[{"href":"https:\/\/www.europesays.com\/pt\/wp-json\/wp\/v2\/posts"}],"about":[{"href":"https:\/\/www.europesays.com\/pt\/wp-json\/wp\/v2\/types\/post"}],"author":[{"embeddable":true,"href":"https:\/\/www.europesays.com\/pt\/wp-json\/wp\/v2\/users\/2"}],"replies":[{"embeddable":true,"href":"https:\/\/www.europesays.com\/pt\/wp-json\/wp\/v2\/comments?post=189527"}],"version-history":[{"count":0,"href":"https:\/\/www.europesays.com\/pt\/wp-json\/wp\/v2\/posts\/189527\/revisions"}],"wp:featuredmedia":[{"embeddable":true,"href":"https:\/\/www.europesays.com\/pt\/wp-json\/wp\/v2\/media\/189528"}],"wp:attachment":[{"href":"https:\/\/www.europesays.com\/pt\/wp-json\/wp\/v2\/media?parent=189527"}],"wp:term":[{"taxonomy":"category","embeddable":true,"href":"https:\/\/www.europesays.com\/pt\/wp-json\/wp\/v2\/categories?post=189527"},{"taxonomy":"post_tag","embeddable":true,"href":"https:\/\/www.europesays.com\/pt\/wp-json\/wp\/v2\/tags?post=189527"}],"curies":[{"name":"wp","href":"https:\/\/api.w.org\/{rel}","templated":true}]}}