{"id":189542,"date":"2025-12-15T17:13:12","date_gmt":"2025-12-15T17:13:12","guid":{"rendered":"https:\/\/www.europesays.com\/pt\/189542\/"},"modified":"2025-12-15T17:13:12","modified_gmt":"2025-12-15T17:13:12","slug":"brasileira-desaparece-apos-dizer-que-ia-viajar-para-algarve-observador","status":"publish","type":"post","link":"https:\/\/www.europesays.com\/pt\/189542\/","title":{"rendered":"Brasileira desaparece ap\u00f3s dizer que ia viajar para Algarve \u2013 Observador"},"content":{"rendered":"<p>Lucinete Freitas, de 55 anos e natural de Aracoiaba, no interior do Cear\u00e1, Brasil, est\u00e1 desaparecida h\u00e1 mais de uma semana, depois de ter tido o \u00faltimo contacto com a fam\u00edlia na noite de 5 de dezembro. A brasileira estava a viver na Amadora, onde trabalhava como ama, e estava no pa\u00eds h\u00e1 cerca de sete meses com o objetivo de se fixar e, mais tarde, trazer o marido e o filho de 14 anos, noticiou a <a href=\"https:\/\/g1.globo.com\/ce\/ceara\/noticia\/2025\/12\/15\/quem-e-a-brasileira-que-vive-sozinha-em-portugal-e-esta-desaparecida.ghtml\" rel=\"nofollow noopener\" target=\"_blank\">imprensa brasileira<\/a>.<\/p>\n<p>De acordo com Jos\u00e9 Teodoro J\u00fanior, marido de Lucinete, o \u00faltimo contacto aconteceu por volta das <strong>22h30<\/strong> (19h30 no Brasil). Nessa conversa, Lucinete disse que ia viajar para o Algarve, acompanhada por uma amiga. \u201cFalei com a minha mulher pela \u00faltima vez na sexta-feira, dia 5. Em Portugal j\u00e1 era noite. A partir da\u00ed n\u00e3o fa\u00e7o ideia do que possa ter acontecido\u201d, afirmou.<\/p>\n<p>No dia seguinte, s\u00e1bado, Lucinete tinha marcada uma visita a um apartamento que poderia vir a ser arrendado pela fam\u00edlia, tendo em conta os planos de o marido e o filho se mudarem para Portugal em 2026. A respons\u00e1vel pela media\u00e7\u00e3o imobili\u00e1ria informou, contudo, que a brasileira n\u00e3o apareceu na reuni\u00e3o. Desde ent\u00e3o, o marido deixou de conseguir contact\u00e1-la. \u201cDepois disso, mandei mensagens, <strong>ela visualizou<\/strong>, mas n\u00e3o respondeu. Liguei v\u00e1rias vezes e n\u00e3o atendia. Foi a\u00ed que percebi que algo estava errado\u201d, relatou.<\/p>\n<p>De acordo com o <a href=\"https:\/\/www.metropoles.com\/mundo\/brasileira-de-55-anos-que-trabalha-como-baba-em-portugal-desaparece\" rel=\"nofollow noopener\" target=\"_blank\">Metr\u00f3poles<\/a>,<strong> foi o patr\u00e3o de Lucinete que apresentou queixa do desaparecimento<\/strong> numa esquadra da PSP, depois de a mulher ter deixado de comparecer ao trabalho e de n\u00e3o atender as chamadas nem responder a mensagens.<\/p>\n<p>Jos\u00e9 Teodoro garante que nada pode apontar para um desaparecimento volunt\u00e1rio. \u201cNada nas nossas conversas aponta para um desaparecimento volunt\u00e1rio\u201d, sublinhou, acrescentando que n\u00e3o conhece a alegada amiga com quem Lucinete disse que iria viajar. \u201cNem sei o nome dela. Esse \u00e9 o grande mist\u00e9rio, <strong>ningu\u00e9m sabe quem \u00e9 esta pessoa<\/strong>\u201c, disse.<\/p>\n<p>Casado h\u00e1 15 anos, Jos\u00e9 Teodoro descreve a mulher como \u201cuma pessoa vaidosa, que gosta de passear, tirar fotografias, muito guerreira e muito trabalhadora. Uma pessoa justa e honesta\u201d. Afirmou, ainda, que j\u00e1 contactou a Embaixada do Brasil em Portugal e o Minist\u00e9rio dos Neg\u00f3cios Estrangeiros para dar conta do desaparecimento, mas diz que <strong>o processo tem sido lento<\/strong>. \u201c\u00c9 um processo muito complexo, uma vez que \u00e9 um caso no exterior e eu estou a fazer os tr\u00e2mites pelo Brasil. As autoridades brasileiras t\u00eam de contactar as portuguesas para poder tomar uma medida\u201d.<\/p>\n","protected":false},"excerpt":{"rendered":"Lucinete Freitas, de 55 anos e natural de Aracoiaba, no interior do Cear\u00e1, Brasil, est\u00e1 desaparecida h\u00e1 mais&hellip;\n","protected":false},"author":2,"featured_media":189543,"comment_status":"","ping_status":"","sticky":false,"template":"","format":"standard","meta":{"footnotes":""},"categories":[10],"tags":[4249,726,27,28,7390,15,16,14,25,26,21,22,62,12,13,19,20,57,2003,32,23,24,1306,33,2004,58,17,18,29,30,31],"class_list":{"0":"post-189542","1":"post","2":"type-post","3":"status-publish","4":"format-standard","5":"has-post-thumbnail","7":"category-portugal","8":"tag-amadora","9":"tag-brasil","10":"tag-breaking-news","11":"tag-breakingnews","12":"tag-desaparecimentos","13":"tag-featured-news","14":"tag-featurednews","15":"tag-headlines","16":"tag-latest-news","17":"tag-latestnews","18":"tag-main-news","19":"tag-mainnews","20":"tag-mundo","21":"tag-news","22":"tag-noticias","23":"tag-noticias-principais","24":"tag-noticiasprincipais","25":"tag-pau00eds","26":"tag-polu00edcia","27":"tag-portugal","28":"tag-principais-noticias","29":"tag-principaisnoticias","30":"tag-psp","31":"tag-pt","32":"tag-seguranu00e7a","33":"tag-sociedade","34":"tag-top-stories","35":"tag-topstories","36":"tag-ultimas","37":"tag-ultimas-noticias","38":"tag-ultimasnoticias"},"share_on_mastodon":{"url":"https:\/\/pubeurope.com\/@pt\/115724707743518560","error":""},"_links":{"self":[{"href":"https:\/\/www.europesays.com\/pt\/wp-json\/wp\/v2\/posts\/189542","targetHints":{"allow":["GET"]}}],"collection":[{"href":"https:\/\/www.europesays.com\/pt\/wp-json\/wp\/v2\/posts"}],"about":[{"href":"https:\/\/www.europesays.com\/pt\/wp-json\/wp\/v2\/types\/post"}],"author":[{"embeddable":true,"href":"https:\/\/www.europesays.com\/pt\/wp-json\/wp\/v2\/users\/2"}],"replies":[{"embeddable":true,"href":"https:\/\/www.europesays.com\/pt\/wp-json\/wp\/v2\/comments?post=189542"}],"version-history":[{"count":0,"href":"https:\/\/www.europesays.com\/pt\/wp-json\/wp\/v2\/posts\/189542\/revisions"}],"wp:featuredmedia":[{"embeddable":true,"href":"https:\/\/www.europesays.com\/pt\/wp-json\/wp\/v2\/media\/189543"}],"wp:attachment":[{"href":"https:\/\/www.europesays.com\/pt\/wp-json\/wp\/v2\/media?parent=189542"}],"wp:term":[{"taxonomy":"category","embeddable":true,"href":"https:\/\/www.europesays.com\/pt\/wp-json\/wp\/v2\/categories?post=189542"},{"taxonomy":"post_tag","embeddable":true,"href":"https:\/\/www.europesays.com\/pt\/wp-json\/wp\/v2\/tags?post=189542"}],"curies":[{"name":"wp","href":"https:\/\/api.w.org\/{rel}","templated":true}]}}