{"id":189553,"date":"2025-12-15T17:22:10","date_gmt":"2025-12-15T17:22:10","guid":{"rendered":"https:\/\/www.europesays.com\/pt\/189553\/"},"modified":"2025-12-15T17:22:10","modified_gmt":"2025-12-15T17:22:10","slug":"dgs-alerta-para-frio-e-infecoes-respiratorias-e-reforca-importancia-da-vacinacao","status":"publish","type":"post","link":"https:\/\/www.europesays.com\/pt\/189553\/","title":{"rendered":"DGS alerta para frio e infe\u00e7\u00f5es respirat\u00f3rias e refor\u00e7a import\u00e2ncia da vacina\u00e7\u00e3o"},"content":{"rendered":"<p>&#13;<br \/>\n&#13;<br \/>\n    &#13;<br \/>\n    &#13;<br \/>\n    &#13;<\/p>\n<p>\tDGS alerta para frio e infe\u00e7\u00f5es respirat\u00f3rias e refor\u00e7a import\u00e2ncia da vacina\u00e7\u00e3o &#8211; Jornal O Almeirinense<\/p>\n<p>\t\t&#13;<br \/>\n&#13;<br \/>\n&#13;<\/p>\n<p><img fetchpriority=\"high\" decoding=\"async\" width=\"2084\" height=\"1563\" src=\"https:\/\/www.europesays.com\/pt\/wp-content\/uploads\/2025\/12\/POP-MEDIAL2-02.png\" alt=\"\" class=\"wp-image-298293\"  \/><\/p>\n<p>\t\t\t\u00d7\t\t\t<\/p>\n<p><a href=\"https:\/\/www.cm-alpiarca.pt\/documentos\/eventos\/item\/2916-mercado-de-natal-de-alpiarca-2025-o-mundo-do-chocolate\" rel=\"nofollow noopener\" target=\"_blank\"><img loading=\"lazy\" decoding=\"async\" width=\"1000\" height=\"667\" src=\"https:\/\/www.europesays.com\/pt\/wp-content\/uploads\/2025\/12\/publicidade_almeirinense_Mercado_Natal_Alpiarca25.png\" alt=\"\" class=\"wp-image-298048\"  \/><\/a><\/p>\n<p>\t\t\tX\t\t\t<\/p>\n<p>&#13;<\/p>\n","protected":false},"excerpt":{"rendered":"&#13; &#13; &#13; &#13; &#13; DGS alerta para frio e infe\u00e7\u00f5es respirat\u00f3rias e refor\u00e7a import\u00e2ncia da vacina\u00e7\u00e3o &#8211;&hellip;\n","protected":false},"author":2,"featured_media":189554,"comment_status":"","ping_status":"","sticky":false,"template":"","format":"standard","meta":{"footnotes":""},"categories":[86],"tags":[9086,1418,116,32,33,117,29126],"class_list":{"0":"post-189553","1":"post","2":"type-post","3":"status-publish","4":"format-standard","5":"has-post-thumbnail","7":"category-saude","8":"tag-frio","9":"tag-gripe","10":"tag-health","11":"tag-portugal","12":"tag-pt","13":"tag-saude","14":"tag-temperaturas-baixas"},"share_on_mastodon":{"url":"https:\/\/pubeurope.com\/@pt\/115724743362605876","error":""},"_links":{"self":[{"href":"https:\/\/www.europesays.com\/pt\/wp-json\/wp\/v2\/posts\/189553","targetHints":{"allow":["GET"]}}],"collection":[{"href":"https:\/\/www.europesays.com\/pt\/wp-json\/wp\/v2\/posts"}],"about":[{"href":"https:\/\/www.europesays.com\/pt\/wp-json\/wp\/v2\/types\/post"}],"author":[{"embeddable":true,"href":"https:\/\/www.europesays.com\/pt\/wp-json\/wp\/v2\/users\/2"}],"replies":[{"embeddable":true,"href":"https:\/\/www.europesays.com\/pt\/wp-json\/wp\/v2\/comments?post=189553"}],"version-history":[{"count":0,"href":"https:\/\/www.europesays.com\/pt\/wp-json\/wp\/v2\/posts\/189553\/revisions"}],"wp:featuredmedia":[{"embeddable":true,"href":"https:\/\/www.europesays.com\/pt\/wp-json\/wp\/v2\/media\/189554"}],"wp:attachment":[{"href":"https:\/\/www.europesays.com\/pt\/wp-json\/wp\/v2\/media?parent=189553"}],"wp:term":[{"taxonomy":"category","embeddable":true,"href":"https:\/\/www.europesays.com\/pt\/wp-json\/wp\/v2\/categories?post=189553"},{"taxonomy":"post_tag","embeddable":true,"href":"https:\/\/www.europesays.com\/pt\/wp-json\/wp\/v2\/tags?post=189553"}],"curies":[{"name":"wp","href":"https:\/\/api.w.org\/{rel}","templated":true}]}}