{"id":189575,"date":"2025-12-15T17:42:07","date_gmt":"2025-12-15T17:42:07","guid":{"rendered":"https:\/\/www.europesays.com\/pt\/189575\/"},"modified":"2025-12-15T17:42:07","modified_gmt":"2025-12-15T17:42:07","slug":"arbitros-dos-oitavos-da-taca-de-portugal-vao-usar-camaras-corporais","status":"publish","type":"post","link":"https:\/\/www.europesays.com\/pt\/189575\/","title":{"rendered":"\u00c1rbitros dos `oitavos` da Ta\u00e7a de Portugal v\u00e3o usar c\u00e2maras corporais"},"content":{"rendered":"<p>                O organismo federativo assinalou que a utiliza\u00e7\u00e3o de \u2018bodycams\u2019 \u201cpoder\u00e1 estender-se a outras competi\u00e7\u00f5es nacionais\u201d &#8211; sem indicar quais &#8211; e abre \u201cum novo cap\u00edtulo na rela\u00e7\u00e3o entre arbitragem, tecnologia e espet\u00e1culo desportivo\u201d, colocando Portugal em uma \u201cposi\u00e7\u00e3o de vanguarda no futebol europeu\u201d.<\/p>\n<p>\u201c\u00c9 mais um passo na inova\u00e7\u00e3o e uma abordagem pioneira, provando que \u00e9 poss\u00edvel conjugar novas tecnologias com a arbitragem. A possibilidade dos adeptos, que est\u00e3o a seguir o jogo pela televis\u00e3o poderem aceder \u00e0 vis\u00e3o do \u00e1rbitro ir\u00e1 proporcionar uma experi\u00eancia diferente, mais pr\u00f3xima e mais humana, do jogo\u201d, disse o presidente do Conselho de Arbitragem (CA) da FPF, Luciano Gon\u00e7alves.<\/p>\n<p>Entre os jogos dos oitavos de final da Ta\u00e7a de Portugal, destaca-se o encontro do Sporting, detentor do trof\u00e9u, no est\u00e1dio do Santa Clara, na quinta-feira, no mesmo dia em que o FC Porto recebe o Famalic\u00e3o, enquanto o Benfica, recordista de t\u00edtulos, com 26 trof\u00e9us, joga no recinto do Farense, na quarta-feira.&#13;\n            <\/p>\n","protected":false},"excerpt":{"rendered":"O organismo federativo assinalou que a utiliza\u00e7\u00e3o de \u2018bodycams\u2019 \u201cpoder\u00e1 estender-se a outras competi\u00e7\u00f5es nacionais\u201d &#8211; sem indicar&hellip;\n","protected":false},"author":2,"featured_media":189576,"comment_status":"","ping_status":"","sticky":false,"template":"","format":"standard","meta":{"footnotes":""},"categories":[8],"tags":[27,28,15,16,14,25,26,21,22,12,13,19,20,32,23,24,33,420,421,17,18,29,30,31],"class_list":{"0":"post-189575","1":"post","2":"type-post","3":"status-publish","4":"format-standard","5":"has-post-thumbnail","7":"category-principais-noticias","8":"tag-breaking-news","9":"tag-breakingnews","10":"tag-featured-news","11":"tag-featurednews","12":"tag-headlines","13":"tag-latest-news","14":"tag-latestnews","15":"tag-main-news","16":"tag-mainnews","17":"tag-news","18":"tag-noticias","19":"tag-noticias-principais","20":"tag-noticiasprincipais","21":"tag-portugal","22":"tag-principais-noticias","23":"tag-principaisnoticias","24":"tag-pt","25":"tag-rtp","26":"tag-rtp-noticias","27":"tag-top-stories","28":"tag-topstories","29":"tag-ultimas","30":"tag-ultimas-noticias","31":"tag-ultimasnoticias"},"share_on_mastodon":{"url":"https:\/\/pubeurope.com\/@pt\/115724821981264532","error":""},"_links":{"self":[{"href":"https:\/\/www.europesays.com\/pt\/wp-json\/wp\/v2\/posts\/189575","targetHints":{"allow":["GET"]}}],"collection":[{"href":"https:\/\/www.europesays.com\/pt\/wp-json\/wp\/v2\/posts"}],"about":[{"href":"https:\/\/www.europesays.com\/pt\/wp-json\/wp\/v2\/types\/post"}],"author":[{"embeddable":true,"href":"https:\/\/www.europesays.com\/pt\/wp-json\/wp\/v2\/users\/2"}],"replies":[{"embeddable":true,"href":"https:\/\/www.europesays.com\/pt\/wp-json\/wp\/v2\/comments?post=189575"}],"version-history":[{"count":0,"href":"https:\/\/www.europesays.com\/pt\/wp-json\/wp\/v2\/posts\/189575\/revisions"}],"wp:featuredmedia":[{"embeddable":true,"href":"https:\/\/www.europesays.com\/pt\/wp-json\/wp\/v2\/media\/189576"}],"wp:attachment":[{"href":"https:\/\/www.europesays.com\/pt\/wp-json\/wp\/v2\/media?parent=189575"}],"wp:term":[{"taxonomy":"category","embeddable":true,"href":"https:\/\/www.europesays.com\/pt\/wp-json\/wp\/v2\/categories?post=189575"},{"taxonomy":"post_tag","embeddable":true,"href":"https:\/\/www.europesays.com\/pt\/wp-json\/wp\/v2\/tags?post=189575"}],"curies":[{"name":"wp","href":"https:\/\/api.w.org\/{rel}","templated":true}]}}