{"id":189577,"date":"2025-12-15T17:43:10","date_gmt":"2025-12-15T17:43:10","guid":{"rendered":"https:\/\/www.europesays.com\/pt\/189577\/"},"modified":"2025-12-15T17:43:10","modified_gmt":"2025-12-15T17:43:10","slug":"mudou-muito-tata-werneck-surpreende-ao-compartilhar-cliques-da-adolescencia-veja","status":"publish","type":"post","link":"https:\/\/www.europesays.com\/pt\/189577\/","title":{"rendered":"Mudou muito? Tata Werneck surpreende ao compartilhar cliques da adolesc\u00eancia; veja"},"content":{"rendered":"<p>A apresentadora\u00a0<a href=\"https:\/\/caras.com.br\/tags\/tata-werneck\" rel=\"nofollow noopener\" target=\"_blank\"><strong>Tata Werneck<\/strong><\/a> usou as redes sociais neste domingo, 14, para relembrar <a href=\"https:\/\/caras.com.br\/atualidades\/mudou-muito-tais-araujo-surpreende-ao-resgatar-fotos-dos-anos-2000.phtml\" rel=\"nofollow noopener\" target=\"_blank\">cliques antigos.<\/a> Em seu perfil, ela compartilhou uma s\u00e9rie de registros da adolesc\u00eancia e surpreendeu os f\u00e3s\u00a0 ao mostrar que n\u00e3o mudou quase nada ao longo dos anos.<\/p>\n<p>\u201cEncontrei minha grande amiga h\u00e1 31 anos @thaisalbert e ela me mandou algumas fotos da nossa adolesc\u00eancia que podem ser publicadas\u201d, escreveu na legenda. E se declarou para a amiga: \u201cTe amo! Amo ser sua amiga h\u00e1 tanto tempo! Obrigada por essa dose de col\u00e1geno e alegria. Amanh\u00e3 mesmo t\u00f4 marcando um tratamento com esperma de salm\u00e3o\u201d.<\/p>\n<p>E os f\u00e3s opinaram: \u201cAmei as fotos, n\u00e3o mudou nada\u201d, falou uma. \u201cTata, que \u00edcone essas fotos, eu amei demais KKKKK maravilhosa!\u201d, disse outra. \u201cA \u00fanica diferen\u00e7a \u00e9 que hoje em dia voc\u00ea usa um delineado\u201d, observou uma terceira pessoa.<\/p>\n<p> <img loading=\"lazy\" decoding=\"async\" class=\"size-full wp-image-1044453 img-fluid lazy\" alt=\"Tata Werneck resgata fotos da adolesc\u00eancia \u2014 Foto: Reprodu\u00e7\u00e3o\/Instagram @tatawerneck\" width=\"1080\" height=\"1343\" src=\"https:\/\/www.europesays.com\/pt\/wp-content\/uploads\/2025\/12\/Encontrei-minha-grande-amiga-ha-31-anos-@thaisalbert-e-ela-me-mandou-algumas-fotos-da-nossa-adol-3.j.jpeg\"  \/>Tata Werneck resgata fotos da adolesc\u00eancia \u2014 Foto: Reprodu\u00e7\u00e3o\/Instagram @tatawerneck <img loading=\"lazy\" decoding=\"async\" class=\"size-full wp-image-1044454 img-fluid lazy\" alt=\"Tata Werneck resgata fotos da adolesc\u00eancia \u2014 Foto: Reprodu\u00e7\u00e3o\/Instagram @tatawerneck\" width=\"1080\" height=\"1343\" src=\"https:\/\/www.europesays.com\/pt\/wp-content\/uploads\/2025\/12\/Encontrei-minha-grande-amiga-ha-31-anos-@thaisalbert-e-ela-me-mandou-algumas-fotos-da-nossa-adol-2.j.jpeg\"  \/>Tata Werneck resgata fotos da adolesc\u00eancia \u2014 Foto: Reprodu\u00e7\u00e3o\/Instagram @tatawerneck <img loading=\"lazy\" decoding=\"async\" class=\"size-full wp-image-1044455 img-fluid lazy\" alt=\"Tata Werneck resgata fotos da adolesc\u00eancia \u2014 Foto: Reprodu\u00e7\u00e3o\/Instagram @tatawerneck\" width=\"1080\" height=\"1350\" src=\"https:\/\/www.europesays.com\/pt\/wp-content\/uploads\/2025\/12\/Encontrei-minha-grande-amiga-ha-31-anos-@thaisalbert-e-ela-me-mandou-algumas-fotos-da-nossa-adol-1.j.jpeg\"  \/>Tata Werneck resgata fotos da adolesc\u00eancia \u2014 Foto: Reprodu\u00e7\u00e3o\/Instagram @tatawerneck <img loading=\"lazy\" decoding=\"async\" class=\"size-full wp-image-1044456 img-fluid lazy\" alt=\"Tata Werneck resgata fotos da adolesc\u00eancia \u2014 Foto: Reprodu\u00e7\u00e3o\/Instagram @tatawerneck\" width=\"1080\" height=\"1343\" src=\"https:\/\/www.europesays.com\/pt\/wp-content\/uploads\/2025\/12\/Encontrei-minha-grande-amiga-ha-31-anos-@thaisalbert-e-ela-me-mandou-algumas-fotos-da-nossa-adol.jpg\"  \/>Tata Werneck resgata fotos da adolesc\u00eancia \u2014 Foto: Reprodu\u00e7\u00e3o\/Instagram @tatawerneck Pai de Tata Werneck segue tradi\u00e7\u00e3o no anivers\u00e1rio <\/p>\n<p>Tata Werneck usou as redes sociais no final de novembro para celebrar o anivers\u00e1rio de seu pai, Alberto. Na publica\u00e7\u00e3o, ela compartilhou registros da comemora\u00e7\u00e3o e revelou uma tradi\u00e7\u00e3o que ele mant\u00e9m todos os anos nessa data especial.<\/p>\n<p>Na publica\u00e7\u00e3o, ela contou que o veterano costuma servir o bolo respeitando a ordem das pessoas de quem mais gosta. Al\u00e9m disso, compartilhou v\u00eddeos do momento, que sempre rende risadas. \u201cAnivers\u00e1rio do meu pai amado\u201d, escreveu no in\u00edcio da legenda.<\/p>\n<p>\u201cCom sua tradicional distribui\u00e7\u00e3o de peda\u00e7os de bolo por ordem de pessoas que ele mais gosta, onde ele exalta o primeiro e faz quest\u00e3o de humilhar o \u00faltimo rs. Te amo muito paizinho amado. Deus te d\u00ea muita sa\u00fade em nome de Jesus am\u00e9m\u201d, complementou.<a href=\"https:\/\/caras.com.br\/datas-especiais\/tata-werneck-comemora-aniversario-do-pai-e-expoe-tradicao-que-ele-segue-na-data.phtml\" rel=\"nofollow noopener\" target=\"_blank\"> Veja como foi!<\/a><\/p>\n<p>Leia tamb\u00e9m:\u00a0<a href=\"https:\/\/caras.com.br\/atualidades\/tata-werneck-da-resposta-ao-ser-questionada-se-caua-reymond-tem-mau-cheiro.phtml\" rel=\"nofollow noopener\" target=\"_blank\">Tat\u00e1 Werneck d\u00e1 resposta ao ser questionada se Cau\u00e3 Reymond tem mau cheiro<\/a><\/p>\n<blockquote class=\"instagram-media\" style=\"background: #FFF; border: 0; border-radius: 3px; box-shadow: 0 0 1px 0 rgba(0,0,0,0.5),0 1px 10px 0 rgba(0,0,0,0.15); margin: 1px; max-width: 540px; min-width: 326px; padding: 0; width: calc(100% - 2px);\" data-instgrm-captioned=\"\" data-instgrm-permalink=\"https:\/\/www.instagram.com\/p\/DSQ3bHeDsaL\/?utm_source=ig_embed&amp;utm_campaign=loading\" data-instgrm-version=\"14\"><\/blockquote>\n<p>        <a href=\"https:\/\/caras.com.br\/autor\/juliana-dracz\" rel=\"nofollow noopener\" target=\"_blank\">&#13;<br \/>\n          <img loading=\"lazy\" decoding=\"async\" alt=\"Juliana Dracz\" src=\"https:\/\/www.europesays.com\/pt\/wp-content\/uploads\/2025\/09\/436551461_2434711450057729_5105646040807821088_n_sqmd.png\" class=\"avatar avatar-115 photo rounded-circle\" height=\"115\" width=\"115\"\/>        <\/a><\/p>\n<p>Juliana Dracz \u00e9 rep\u00f3rter de conte\u00fado do site CARAS. Formada em Jornalismo pela Universidade Cat\u00f3lica de Bras\u00edlia, ela j\u00e1 trabalhou em grandes sites de entretenimento. Atualmente, escreve sobre novelas, celebridades e TV.<\/p>\n<p>\t                                            <script async src=\"\/\/www.instagram.com\/embed.js\"><\/script><\/p>\n","protected":false},"excerpt":{"rendered":"A apresentadora\u00a0Tata Werneck usou as redes sociais neste domingo, 14, para relembrar cliques antigos. Em seu perfil, ela&hellip;\n","protected":false},"author":2,"featured_media":189578,"comment_status":"","ping_status":"","sticky":false,"template":"","format":"standard","meta":{"footnotes":""},"categories":[145],"tags":[211,210,114,115,32,33,1136],"class_list":{"0":"post-189577","1":"post","2":"type-post","3":"status-publish","4":"format-standard","5":"has-post-thumbnail","7":"category-celebridades","8":"tag-celebridades","9":"tag-celebrities","10":"tag-entertainment","11":"tag-entretenimento","12":"tag-portugal","13":"tag-pt","14":"tag-tata-werneck"},"share_on_mastodon":{"url":"https:\/\/pubeurope.com\/@pt\/115724826146982292","error":""},"_links":{"self":[{"href":"https:\/\/www.europesays.com\/pt\/wp-json\/wp\/v2\/posts\/189577","targetHints":{"allow":["GET"]}}],"collection":[{"href":"https:\/\/www.europesays.com\/pt\/wp-json\/wp\/v2\/posts"}],"about":[{"href":"https:\/\/www.europesays.com\/pt\/wp-json\/wp\/v2\/types\/post"}],"author":[{"embeddable":true,"href":"https:\/\/www.europesays.com\/pt\/wp-json\/wp\/v2\/users\/2"}],"replies":[{"embeddable":true,"href":"https:\/\/www.europesays.com\/pt\/wp-json\/wp\/v2\/comments?post=189577"}],"version-history":[{"count":0,"href":"https:\/\/www.europesays.com\/pt\/wp-json\/wp\/v2\/posts\/189577\/revisions"}],"wp:featuredmedia":[{"embeddable":true,"href":"https:\/\/www.europesays.com\/pt\/wp-json\/wp\/v2\/media\/189578"}],"wp:attachment":[{"href":"https:\/\/www.europesays.com\/pt\/wp-json\/wp\/v2\/media?parent=189577"}],"wp:term":[{"taxonomy":"category","embeddable":true,"href":"https:\/\/www.europesays.com\/pt\/wp-json\/wp\/v2\/categories?post=189577"},{"taxonomy":"post_tag","embeddable":true,"href":"https:\/\/www.europesays.com\/pt\/wp-json\/wp\/v2\/tags?post=189577"}],"curies":[{"name":"wp","href":"https:\/\/api.w.org\/{rel}","templated":true}]}}