{"id":189610,"date":"2025-12-15T18:08:20","date_gmt":"2025-12-15T18:08:20","guid":{"rendered":"https:\/\/www.europesays.com\/pt\/189610\/"},"modified":"2025-12-15T18:08:20","modified_gmt":"2025-12-15T18:08:20","slug":"de-crise-e-austeridade-a-lideranca-no-eurogrupo","status":"publish","type":"post","link":"https:\/\/www.europesays.com\/pt\/189610\/","title":{"rendered":"De Crise e Austeridade \u00e0 Lideran\u00e7a no Eurogrupo"},"content":{"rendered":"<p>Apesar dos indicadores positivos na economia, nem tudo s\u00e3o rosas na Gr\u00e9cia: o setor agr\u00edcola tem feito manifesta\u00e7\u00f5es e bloqueios de estradas desde o in\u00edcio do m\u00eas devido ao atraso de pagamento de subs\u00eddios. A crise eclodiu com a dete\u00e7\u00e3o de uma fraude de 19,4 milh\u00f5es de euros.EPA \/ NICOLAS HATZIPOLITIS<\/p>\n<p>Publicado a:\u00a0<\/p>\n<p>15 Dez 2025, 11:31<\/p>\n<p>Atualizado a:\u00a0<\/p>\n<p>15 Dez 2025, 11:31<\/p>\n<p>Loading content, please wait&#8230;<\/p>\n","protected":false},"excerpt":{"rendered":"Apesar dos indicadores positivos na economia, nem tudo s\u00e3o rosas na Gr\u00e9cia: o setor agr\u00edcola tem feito manifesta\u00e7\u00f5es&hellip;\n","protected":false},"author":2,"featured_media":189611,"comment_status":"","ping_status":"","sticky":false,"template":"","format":"standard","meta":{"footnotes":""},"categories":[50],"tags":[38265,27,28,38264,306,32624,15,16,4234,38267,14,25,26,21,22,62,12,13,19,20,23,24,17,18,29,30,31,636,63,64,65,38266],"class_list":{"0":"post-189610","1":"post","2":"type-post","3":"status-publish","4":"format-standard","5":"has-post-thumbnail","7":"category-mundo","8":"tag-alexis-tsipras","9":"tag-breaking-news","10":"tag-breakingnews","11":"tag-crise-da-divida","12":"tag-edicao-impressa","13":"tag-eurogrupo","14":"tag-featured-news","15":"tag-featurednews","16":"tag-grecia","17":"tag-grexit","18":"tag-headlines","19":"tag-latest-news","20":"tag-latestnews","21":"tag-main-news","22":"tag-mainnews","23":"tag-mundo","24":"tag-news","25":"tag-noticias","26":"tag-noticias-principais","27":"tag-noticiasprincipais","28":"tag-principais-noticias","29":"tag-principaisnoticias","30":"tag-top-stories","31":"tag-topstories","32":"tag-ultimas","33":"tag-ultimas-noticias","34":"tag-ultimasnoticias","35":"tag-uniao-europeia","36":"tag-world","37":"tag-world-news","38":"tag-worldnews","39":"tag-yanis-varoufakis"},"share_on_mastodon":{"url":"https:\/\/pubeurope.com\/@pt\/115724924018994802","error":""},"_links":{"self":[{"href":"https:\/\/www.europesays.com\/pt\/wp-json\/wp\/v2\/posts\/189610","targetHints":{"allow":["GET"]}}],"collection":[{"href":"https:\/\/www.europesays.com\/pt\/wp-json\/wp\/v2\/posts"}],"about":[{"href":"https:\/\/www.europesays.com\/pt\/wp-json\/wp\/v2\/types\/post"}],"author":[{"embeddable":true,"href":"https:\/\/www.europesays.com\/pt\/wp-json\/wp\/v2\/users\/2"}],"replies":[{"embeddable":true,"href":"https:\/\/www.europesays.com\/pt\/wp-json\/wp\/v2\/comments?post=189610"}],"version-history":[{"count":0,"href":"https:\/\/www.europesays.com\/pt\/wp-json\/wp\/v2\/posts\/189610\/revisions"}],"wp:featuredmedia":[{"embeddable":true,"href":"https:\/\/www.europesays.com\/pt\/wp-json\/wp\/v2\/media\/189611"}],"wp:attachment":[{"href":"https:\/\/www.europesays.com\/pt\/wp-json\/wp\/v2\/media?parent=189610"}],"wp:term":[{"taxonomy":"category","embeddable":true,"href":"https:\/\/www.europesays.com\/pt\/wp-json\/wp\/v2\/categories?post=189610"},{"taxonomy":"post_tag","embeddable":true,"href":"https:\/\/www.europesays.com\/pt\/wp-json\/wp\/v2\/tags?post=189610"}],"curies":[{"name":"wp","href":"https:\/\/api.w.org\/{rel}","templated":true}]}}