{"id":189612,"date":"2025-12-15T18:09:17","date_gmt":"2025-12-15T18:09:17","guid":{"rendered":"https:\/\/www.europesays.com\/pt\/189612\/"},"modified":"2025-12-15T18:09:17","modified_gmt":"2025-12-15T18:09:17","slug":"nacionalidade-ventura-espera-que-constitucional-valide-lei-observador","status":"publish","type":"post","link":"https:\/\/www.europesays.com\/pt\/189612\/","title":{"rendered":"Nacionalidade. Ventura espera que Constitucional valide lei \u2013 Observador"},"content":{"rendered":"<p><a href=\"https:\/\/observador.pt\/liveblogs\/governo-recusa-voltar-a-estaca-zero-na-reforma-das-leis-de-trabalho\/\" rel=\"nofollow noopener\" target=\"_blank\">Acompanhe o nosso liveblog sobre pol\u00edtica<\/a><\/p>\n<p>O l\u00edder do Chega e candidato presidencial, Andr\u00e9 Ventura, disse esta segunda-feira esperar que o Tribunal Constitucional perceba que o \u201cpovo quer mudan\u00e7a\u201d e valide a lei da nacionalidade, alegando que \u00e9 baseada num \u201cconsenso nacional\u201d.<\/p>\n<p>Em declara\u00e7\u00f5es aos jornalistas depois de entregar no Tribunal Constitucional (TC) as assinaturas que formalizam a sua candidatura \u00e0s elei\u00e7\u00f5es presidenciais, Andr\u00e9 Ventura afirmou que, esta tarde, quando for conhecida a decis\u00e3o dos ju\u00edzes conselheiros sobre a lei da nacionalidade, ir\u00e1 respeit\u00e1-la, mas disse esperar que tenha \u201cluz verde\u201d.<\/p>\n<p>\u201cO Chega fez um trabalho muito aprofundado, com o PSD tamb\u00e9m, para chegar a este consenso. <strong>O que eu espero, e o meu desejo sincero, \u00e9 que esta lei da nacionalidade n\u00e3o seja vetada pelo TC<\/strong>\u201c, afirmou.<\/p>\n<p>Ventura disse que o trabalho feito entre Chega e PSD foi \u201cno sentido de garantir precisamente\u201d que a lei da nacionalidade \u00e9 conforme \u00e0 Constitui\u00e7\u00e3o, frisando que o texto final n\u00e3o corresponde \u00e0 vontade inicial do Chega nem \u00e0 do Governo, \u201cmas chegou-se a um consenso nacional\u201d.<\/p>\n<p>\u201cPe\u00e7o ao Tribunal, \u00e0s institui\u00e7\u00f5es p\u00fablicas tamb\u00e9m, que tenham em conta esse consenso nacional a que se chegou num pa\u00eds que teve elei\u00e7\u00f5es legislativas h\u00e1 muito pouco tempo e em que houve uma maioria clar\u00edssima entre o partido que tem hoje [atualmente] o Governo e o Chega. \u00c9 uma maioria de mais de 50% da popula\u00e7\u00e3o. Pe\u00e7o que haja essa considera\u00e7\u00e3o\u201d, disse.<\/p>\n<p>O l\u00edder do Chega defendeu que o TC deve perceber \u201cque o povo votou, que o povo quer mudan\u00e7a\u201d e que \u201cos \u00f3rg\u00e3os t\u00eam de acompanhar essa mudan\u00e7a\u201d, acrescentando que a maioria parlamentar composta por PSD e Chega est\u00e1 a \u201ctentar fazer alguma coisa que controle o pa\u00eds\u201d e esse controlo tem de ser \u201cimplementado por todas as institui\u00e7\u00f5es\u201d.<\/p>\n<p>\u201c<strong>Com isto n\u00e3o estou a dizer que o Tribunal n\u00e3o tem toda a legitimidade de tomar a sua decis\u00e3o, como j\u00e1 o fez e n\u00f3s respeitaremos essa decis\u00e3o<\/strong>\u201c, ressalvou.<\/p>\n<p>Depois de formalizar a entrega da sua candidatura no TC, Ventura disse ter conseguido reunir as 7.500 assinaturas necess\u00e1rias para poder ser candidato em cinco horas, o que disse ser \u201cum recorde absolutamente hist\u00f3rico da democracia\u201d, que \u201cmostra bem o n\u00edvel de ades\u00e3o\u201d da candidatura.<\/p>\n<p>\u201cEu penso que vamos ter um grande resultado no dia 18. Vamos trabalhar para isso e para ter uma grande vit\u00f3ria que leve ao tal murro na mesa no sistema que n\u00f3s precisamos de fazer em Portugal\u201d, afirmou.<\/p>\n","protected":false},"excerpt":{"rendered":"Acompanhe o nosso liveblog sobre pol\u00edtica O l\u00edder do Chega e candidato presidencial, Andr\u00e9 Ventura, disse esta segunda-feira&hellip;\n","protected":false},"author":2,"featured_media":189613,"comment_status":"","ping_status":"","sticky":false,"template":"","format":"standard","meta":{"footnotes":""},"categories":[10],"tags":[3368,27,28,15,16,14,300,25,26,21,22,12,13,19,20,3369,302,32,23,24,33,17,18,299,298,29,30,31],"class_list":{"0":"post-189612","1":"post","2":"type-post","3":"status-publish","4":"format-standard","5":"has-post-thumbnail","7":"category-portugal","8":"tag-andru00e9-ventura","9":"tag-breaking-news","10":"tag-breakingnews","11":"tag-featured-news","12":"tag-featurednews","13":"tag-headlines","14":"tag-justiu00e7a","15":"tag-latest-news","16":"tag-latestnews","17":"tag-main-news","18":"tag-mainnews","19":"tag-news","20":"tag-noticias","21":"tag-noticias-principais","22":"tag-noticiasprincipais","23":"tag-partido-chega","24":"tag-polu00edtica","25":"tag-portugal","26":"tag-principais-noticias","27":"tag-principaisnoticias","28":"tag-pt","29":"tag-top-stories","30":"tag-topstories","31":"tag-tribunal","32":"tag-tribunal-constitucional","33":"tag-ultimas","34":"tag-ultimas-noticias","35":"tag-ultimasnoticias"},"share_on_mastodon":{"url":"https:\/\/pubeurope.com\/@pt\/115724928116862426","error":""},"_links":{"self":[{"href":"https:\/\/www.europesays.com\/pt\/wp-json\/wp\/v2\/posts\/189612","targetHints":{"allow":["GET"]}}],"collection":[{"href":"https:\/\/www.europesays.com\/pt\/wp-json\/wp\/v2\/posts"}],"about":[{"href":"https:\/\/www.europesays.com\/pt\/wp-json\/wp\/v2\/types\/post"}],"author":[{"embeddable":true,"href":"https:\/\/www.europesays.com\/pt\/wp-json\/wp\/v2\/users\/2"}],"replies":[{"embeddable":true,"href":"https:\/\/www.europesays.com\/pt\/wp-json\/wp\/v2\/comments?post=189612"}],"version-history":[{"count":0,"href":"https:\/\/www.europesays.com\/pt\/wp-json\/wp\/v2\/posts\/189612\/revisions"}],"wp:featuredmedia":[{"embeddable":true,"href":"https:\/\/www.europesays.com\/pt\/wp-json\/wp\/v2\/media\/189613"}],"wp:attachment":[{"href":"https:\/\/www.europesays.com\/pt\/wp-json\/wp\/v2\/media?parent=189612"}],"wp:term":[{"taxonomy":"category","embeddable":true,"href":"https:\/\/www.europesays.com\/pt\/wp-json\/wp\/v2\/categories?post=189612"},{"taxonomy":"post_tag","embeddable":true,"href":"https:\/\/www.europesays.com\/pt\/wp-json\/wp\/v2\/tags?post=189612"}],"curies":[{"name":"wp","href":"https:\/\/api.w.org\/{rel}","templated":true}]}}