{"id":189614,"date":"2025-12-15T18:10:16","date_gmt":"2025-12-15T18:10:16","guid":{"rendered":"https:\/\/www.europesays.com\/pt\/189614\/"},"modified":"2025-12-15T18:10:16","modified_gmt":"2025-12-15T18:10:16","slug":"john-terry-revela-que-contemplou-suicidar-se-apos-penalti-falhado-que-custou-a-champions-de-2008","status":"publish","type":"post","link":"https:\/\/www.europesays.com\/pt\/189614\/","title":{"rendered":"John Terry revela que contemplou suicidar-se ap\u00f3s pen\u00e1lti falhado que custou a Champions de 2008"},"content":{"rendered":"<p>John Terry, lenda do <a class=\"autolink-enabled\" data-resource-id=\"82\" data-resource-type=\"team\" data-sport=\"football\" href=\"https:\/\/www.abola.pt\/futebol\/chelsea-82\" rel=\"nofollow noopener\" target=\"_blank\">Chelsea<\/a>, confessou ter considerado o suic\u00eddio ap\u00f3s o seu famoso pen\u00e1lti falhado na final da <a class=\"autolink-enabled\" data-resource-id=\"27\" data-resource-type=\"competition\" data-sport=\"football\" href=\"https:\/\/www.abola.pt\/futebol\/competicao\/uefa-champions-league-27\" rel=\"nofollow noopener\" target=\"_blank\">UEFA Champions League<\/a> de 2008, contra o <a class=\"autolink-enabled\" data-resource-id=\"102\" data-resource-type=\"team\" data-sport=\"football\" href=\"https:\/\/www.abola.pt\/futebol\/manchester-united-102\" rel=\"nofollow noopener\" target=\"_blank\">Manchester United<\/a>.<\/p>\n<p>Num jogo em Moscovo, no Est\u00e1dio Luzhniki, <a class=\"autolink-enabled\" data-resource-id=\"3400\" data-resource-type=\"player\" data-sport=\"football\" href=\"https:\/\/www.abola.pt\/futebol\/jogador\/cristiano-ronaldo-3400\" rel=\"nofollow noopener\" target=\"_blank\">Cristiano Ronaldo<\/a> e Frank Lampard fizeram os \u00fanicos golos dos 120 minutos, atirando a decis\u00e3o para o desempate por pen\u00e1ltis.<\/p>\n<p>Ronaldo falhou o terceiro pontap\u00e9 dos red devils e, depois de Nani fazer o 4-4, Terry tinha o t\u00edtulo nas m\u00e3os: se marcasse, o Chelsea venceria a primeira Champions da sua hist\u00f3ria.<\/p>\n<p>Mas o capit\u00e3o dos blues escorregou no momento decisivo e acertou no poste. O Manchester United acabaria por vencer o desempate por 6-5, ap\u00f3s Anelka desperdi\u00e7ar.<\/p>\n<p>Agora, aos 43 anos, Terry deu a entender que, no hotel da equipa, contemplou o suic\u00eddio, antes de ser levado pelos seus colegas de equipa.<\/p>\n<p>Em declara\u00e7\u00f5es ao podcast de Reece Mennie, o antigo defesa recordou o momento: \u00abOlhando para tr\u00e1s, teria adorado ter falado com algu\u00e9m na altura, porque lembro-me que, depois do jogo, volt\u00e1mos todos para o hotel e eu estava no 25.\u00ba andar, em Moscovo, a olhar pela janela e a pensar: &#8216;Porqu\u00ea? Porqu\u00ea?&#8217;\u00bb<\/p>\n<p>\u00abN\u00e3o estou a dizer que, se tivesse essa oportunidade, saltaria, mas h\u00e1 coisas que nos passam pela cabe\u00e7a naquele momento espec\u00edfico. Depois, os rapazes subiram e levaram-me para baixo. S\u00e3o aqueles momentos em que pensamos &#8216;e se?&#8217;. Nunca se sabe, pois n\u00e3o?\u00bb, contou.<\/p>\n<p>Terry acrescentou que o sofrimento se prolongou nos dias seguintes. \u00abTr\u00eas ou quatro dias depois, junt\u00e1mo-nos na sele\u00e7\u00e3o de Inglaterra e, de repente, est\u00e1vamos sentados \u00e0 mesa de jantar com os jogadores do Manchester United, o que foi a pior coisa de sempre! Mesmo hoje, isso ainda me passa pela cabe\u00e7a. Suavizou com os anos, claro, mas quando se est\u00e1 a jogar, a encadear jogos e \u00e9pocas, consegue-se compartimentar e colocar isso para tr\u00e1s. \u00c9 agora que estou reformado, sem o foco de jogar todas as semanas ou perante os adeptos, que isso realmente me afeta. Ainda acordo a meio da noite e penso &#8216;sim, aquilo aconteceu mesmo&#8217;, e n\u00e3o creio que essa sensa\u00e7\u00e3o desapare\u00e7a\u00bb, confessou.<\/p>\n<p>Na altura, destro\u00e7ado em campo, Terry sentiu a necessidade de pedir desculpa aos adeptos numa carta aberta no site do Chelsea. Admitiu ter chorado muito e dormido apenas algumas horas nos dias que se seguiram \u00e0 final, revivendo constantemente aquela noite.<\/p>\n<p>Quatro anos mais tarde, o Chelsea venceu o Bayern nos pen\u00e1ltis e Terry p\u00f4de finalmente erguer o trof\u00e9u, embora estivesse suspenso para essa final ap\u00f3s ter sido expulso nas meias-finais contra o Barcelona.<\/p>\n<p>Esta \u00e9 a primeira vez que o antigo internacional ingl\u00eas indica ter tido pensamentos suicidas. Terry credita o treinador-adjunto do Chelsea, Ray Wilkins, pelo apoio que lhe deu nesse per\u00edodo dif\u00edcil.<\/p>\n<p>Questionado sobre como lida com a dor de ter falhado aquele pen\u00e1lti, Terry explicou que a sua educa\u00e7\u00e3o o moldou. \u00abCresci num mundo, especialmente por influ\u00eancia do meu pai, em que se estivesses chateado, levavas uma palmada na orelha e seguia-se em frente. Levantavas-te e ias disputar a bola com o jogador mais forte. Essa era a mentalidade na altura. As coisas agora s\u00e3o diferentes, o que considero muito importante no futebol.\u00bb<\/p>\n<p>                LINHA SOS VOZ AMIGA<\/p>\n<p>            Linha de apoio emocional e preven\u00e7\u00e3o ao suic\u00eddio: 213 544 545 \/ 912 802 669 \/ 963 524 660 (diariamente das 15h30 \u00e0s 00h30)<\/p>\n","protected":false},"excerpt":{"rendered":"John Terry, lenda do Chelsea, confessou ter considerado o suic\u00eddio ap\u00f3s o seu famoso pen\u00e1lti falhado na final&hellip;\n","protected":false},"author":2,"featured_media":189245,"comment_status":"","ping_status":"","sticky":false,"template":"","format":"standard","meta":{"footnotes":""},"categories":[8],"tags":[27,28,15,16,14,25,26,21,22,12,13,19,20,32,23,24,33,17,18,29,30,31],"class_list":{"0":"post-189614","1":"post","2":"type-post","3":"status-publish","4":"format-standard","5":"has-post-thumbnail","7":"category-principais-noticias","8":"tag-breaking-news","9":"tag-breakingnews","10":"tag-featured-news","11":"tag-featurednews","12":"tag-headlines","13":"tag-latest-news","14":"tag-latestnews","15":"tag-main-news","16":"tag-mainnews","17":"tag-news","18":"tag-noticias","19":"tag-noticias-principais","20":"tag-noticiasprincipais","21":"tag-portugal","22":"tag-principais-noticias","23":"tag-principaisnoticias","24":"tag-pt","25":"tag-top-stories","26":"tag-topstories","27":"tag-ultimas","28":"tag-ultimas-noticias","29":"tag-ultimasnoticias"},"share_on_mastodon":{"url":"https:\/\/pubeurope.com\/@pt\/115724932005697366","error":""},"_links":{"self":[{"href":"https:\/\/www.europesays.com\/pt\/wp-json\/wp\/v2\/posts\/189614","targetHints":{"allow":["GET"]}}],"collection":[{"href":"https:\/\/www.europesays.com\/pt\/wp-json\/wp\/v2\/posts"}],"about":[{"href":"https:\/\/www.europesays.com\/pt\/wp-json\/wp\/v2\/types\/post"}],"author":[{"embeddable":true,"href":"https:\/\/www.europesays.com\/pt\/wp-json\/wp\/v2\/users\/2"}],"replies":[{"embeddable":true,"href":"https:\/\/www.europesays.com\/pt\/wp-json\/wp\/v2\/comments?post=189614"}],"version-history":[{"count":0,"href":"https:\/\/www.europesays.com\/pt\/wp-json\/wp\/v2\/posts\/189614\/revisions"}],"wp:featuredmedia":[{"embeddable":true,"href":"https:\/\/www.europesays.com\/pt\/wp-json\/wp\/v2\/media\/189245"}],"wp:attachment":[{"href":"https:\/\/www.europesays.com\/pt\/wp-json\/wp\/v2\/media?parent=189614"}],"wp:term":[{"taxonomy":"category","embeddable":true,"href":"https:\/\/www.europesays.com\/pt\/wp-json\/wp\/v2\/categories?post=189614"},{"taxonomy":"post_tag","embeddable":true,"href":"https:\/\/www.europesays.com\/pt\/wp-json\/wp\/v2\/tags?post=189614"}],"curies":[{"name":"wp","href":"https:\/\/api.w.org\/{rel}","templated":true}]}}