{"id":189615,"date":"2025-12-15T18:11:11","date_gmt":"2025-12-15T18:11:11","guid":{"rendered":"https:\/\/www.europesays.com\/pt\/189615\/"},"modified":"2025-12-15T18:11:11","modified_gmt":"2025-12-15T18:11:11","slug":"internado-nuno-markl-lamenta-morte-devo-os-a-ele","status":"publish","type":"post","link":"https:\/\/www.europesays.com\/pt\/189615\/","title":{"rendered":"Internado, Nuno Markl lamenta morte: &#8220;Devo-os a ele&#8221;"},"content":{"rendered":"<p><a href=\"https:\/\/selfie.iol.pt\/famosos\/crime\/tragedia-rob-reiner-e-a-mulher-encontrados-mortos-em-casa-filho-do-realizador-e-suspeito-do-crime\/20251215\/693fdd3bd34e3caad84c621b\" target=\"_blank\" rel=\"nofollow noopener\">Rob Reiner<\/a> e Michele Singer foram encontrados mortos, no domingo, dia 14, na casa do casal, em Los Angeles, de acordo com um respons\u00e1vel da pol\u00edcia ligado \u00e0 investiga\u00e7\u00e3o. Detetives da divis\u00e3o de Roubos e Homic\u00eddios est\u00e3o a investigar um &#8220;aparente homic\u00eddio&#8221; em casa de Reiner, disse Mike Bland, do Departamento de Pol\u00edcia de Los Angeles. De acordo com a imprensa internacional, Nick Reiner, de 32 anos, um dos filhos do realizador, \u00e9 o principal suspeito.<\/p>\n<p>No Instagram, v\u00e1rias figuras p\u00fablicas t\u00eam lamentado o falecimento de Rob Reiner. \u00c9 o caso de <a href=\"https:\/\/selfie.iol.pt\/famosos\/nuno-markl\/nuno-markl-recebe-visita-especial-tem-de-haver-paciencia-neste-processo\/20251212\/693c0eb7d34e3caad84c4e3a\" target=\"_blank\" rel=\"nofollow noopener\">Nuno Markl<\/a>, que continua hospitalizado, ap\u00f3s ter sofrido um AVC.<\/p>\n<p>&#8220;Alguns dos meus favoritos de sempre devo-os a ele&#8221;, come\u00e7ou por referir o radialista, enumerando, de seguida, esses filmes realizados por Rob Reiner: &#8220;This is Spinal Tap&#8221;; &#8220;The Princess Bride&#8221;; &#8220;When Harry Met Sally&#8221; e &#8220;Misery&#8221;. Na legenda de uma not\u00edcia sobre a morte de Rob Reiner, Nuno Markl acrescentou um emoji em forma de cora\u00e7\u00e3o partido.<\/p>\n<p>Veja, agora, algumas das melhores imagens de Nuno Markl nas galerias de fotografias que prepar\u00e1mos para si.\u00a0<\/p>\n<p><img decoding=\"async\" alt=\"\" onclick=\"\" src=\"https:\/\/www.europesays.com\/pt\/wp-content\/uploads\/2025\/12\/1765822271_997_1024.jpeg\" title=\"Nuno Markl\"\/><\/p>\n","protected":false},"excerpt":{"rendered":"Rob Reiner e Michele Singer foram encontrados mortos, no domingo, dia 14, na casa do casal, em Los&hellip;\n","protected":false},"author":2,"featured_media":189616,"comment_status":"","ping_status":"","sticky":false,"template":"","format":"standard","meta":{"footnotes":""},"categories":[145],"tags":[211,210,470,114,115,980,1015,1437,619,11435,32,33,38192,1012],"class_list":{"0":"post-189615","1":"post","2":"type-post","3":"status-publish","4":"format-standard","5":"has-post-thumbnail","7":"category-celebridades","8":"tag-celebridades","9":"tag-celebrities","10":"tag-cinema","11":"tag-entertainment","12":"tag-entretenimento","13":"tag-famosos","14":"tag-instagram","15":"tag-morte","16":"tag-nacional","17":"tag-nuno-markl","18":"tag-portugal","19":"tag-pt","20":"tag-rob-reiner","21":"tag-selfie"},"share_on_mastodon":{"url":"https:\/\/pubeurope.com\/@pt\/115724936148780814","error":""},"_links":{"self":[{"href":"https:\/\/www.europesays.com\/pt\/wp-json\/wp\/v2\/posts\/189615","targetHints":{"allow":["GET"]}}],"collection":[{"href":"https:\/\/www.europesays.com\/pt\/wp-json\/wp\/v2\/posts"}],"about":[{"href":"https:\/\/www.europesays.com\/pt\/wp-json\/wp\/v2\/types\/post"}],"author":[{"embeddable":true,"href":"https:\/\/www.europesays.com\/pt\/wp-json\/wp\/v2\/users\/2"}],"replies":[{"embeddable":true,"href":"https:\/\/www.europesays.com\/pt\/wp-json\/wp\/v2\/comments?post=189615"}],"version-history":[{"count":0,"href":"https:\/\/www.europesays.com\/pt\/wp-json\/wp\/v2\/posts\/189615\/revisions"}],"wp:featuredmedia":[{"embeddable":true,"href":"https:\/\/www.europesays.com\/pt\/wp-json\/wp\/v2\/media\/189616"}],"wp:attachment":[{"href":"https:\/\/www.europesays.com\/pt\/wp-json\/wp\/v2\/media?parent=189615"}],"wp:term":[{"taxonomy":"category","embeddable":true,"href":"https:\/\/www.europesays.com\/pt\/wp-json\/wp\/v2\/categories?post=189615"},{"taxonomy":"post_tag","embeddable":true,"href":"https:\/\/www.europesays.com\/pt\/wp-json\/wp\/v2\/tags?post=189615"}],"curies":[{"name":"wp","href":"https:\/\/api.w.org\/{rel}","templated":true}]}}