{"id":189617,"date":"2025-12-15T18:14:21","date_gmt":"2025-12-15T18:14:21","guid":{"rendered":"https:\/\/www.europesays.com\/pt\/189617\/"},"modified":"2025-12-15T18:14:21","modified_gmt":"2025-12-15T18:14:21","slug":"em-chamas-tensao-explode-entre-marisa-e-liliana-e-obriga-a-voz-a-intervir-noticias-de-hoje","status":"publish","type":"post","link":"https:\/\/www.europesays.com\/pt\/189617\/","title":{"rendered":"Em chamas: tens\u00e3o explode entre Marisa e Liliana e obriga a Voz a intervir &#8211; Not\u00edcias de hoje"},"content":{"rendered":"<p>No Secret Story 9, ap\u00f3s a gala, na cadeira quente,\u00a0 In\u00eas refere que Liliana falou dos filhos de Marisa e Pedro Jorge dizendo que a colega referiu que os filhos do casal \u00abdeviam ter vergonha\u00bb dos pr\u00f3prios pais. Ao ouvir isto Marisa perde a cabe\u00e7a e come\u00e7a a gritar com Liliana. J\u00e1 Pedro Jorge v\u00ea-se obrigado a agarrar na mulher. A voz acaba por intervir.<\/p>\n<p>Hoje  \u2022  02:02<\/p>\n","protected":false},"excerpt":{"rendered":"No Secret Story 9, ap\u00f3s a gala, na cadeira quente,\u00a0 In\u00eas refere que Liliana falou dos filhos de&hellip;\n","protected":false},"author":2,"featured_media":189618,"comment_status":"","ping_status":"","sticky":false,"template":"","format":"standard","meta":{"footnotes":""},"categories":[142],"tags":[114,115,488,19016,19184,13,32,33,151],"class_list":{"0":"post-189617","1":"post","2":"type-post","3":"status-publish","4":"format-standard","5":"has-post-thumbnail","7":"category-tv","8":"tag-entertainment","9":"tag-entretenimento","10":"tag-iol","11":"tag-liliana","12":"tag-marisa","13":"tag-noticias","14":"tag-portugal","15":"tag-pt","16":"tag-tv"},"share_on_mastodon":{"url":"https:\/\/pubeurope.com\/@pt\/115724947778069376","error":""},"_links":{"self":[{"href":"https:\/\/www.europesays.com\/pt\/wp-json\/wp\/v2\/posts\/189617","targetHints":{"allow":["GET"]}}],"collection":[{"href":"https:\/\/www.europesays.com\/pt\/wp-json\/wp\/v2\/posts"}],"about":[{"href":"https:\/\/www.europesays.com\/pt\/wp-json\/wp\/v2\/types\/post"}],"author":[{"embeddable":true,"href":"https:\/\/www.europesays.com\/pt\/wp-json\/wp\/v2\/users\/2"}],"replies":[{"embeddable":true,"href":"https:\/\/www.europesays.com\/pt\/wp-json\/wp\/v2\/comments?post=189617"}],"version-history":[{"count":0,"href":"https:\/\/www.europesays.com\/pt\/wp-json\/wp\/v2\/posts\/189617\/revisions"}],"wp:featuredmedia":[{"embeddable":true,"href":"https:\/\/www.europesays.com\/pt\/wp-json\/wp\/v2\/media\/189618"}],"wp:attachment":[{"href":"https:\/\/www.europesays.com\/pt\/wp-json\/wp\/v2\/media?parent=189617"}],"wp:term":[{"taxonomy":"category","embeddable":true,"href":"https:\/\/www.europesays.com\/pt\/wp-json\/wp\/v2\/categories?post=189617"},{"taxonomy":"post_tag","embeddable":true,"href":"https:\/\/www.europesays.com\/pt\/wp-json\/wp\/v2\/tags?post=189617"}],"curies":[{"name":"wp","href":"https:\/\/api.w.org\/{rel}","templated":true}]}}