{"id":189639,"date":"2025-12-15T18:34:29","date_gmt":"2025-12-15T18:34:29","guid":{"rendered":"https:\/\/www.europesays.com\/pt\/189639\/"},"modified":"2025-12-15T18:34:29","modified_gmt":"2025-12-15T18:34:29","slug":"a-expulsao-do-secret-story-que-esta-a-por-portugal-a-falar-veja-quem-ja-nao-chega-a-final-noticias-de-hoje","status":"publish","type":"post","link":"https:\/\/www.europesays.com\/pt\/189639\/","title":{"rendered":"A expuls\u00e3o do Secret Story que est\u00e1 a p\u00f4r Portugal a falar: Veja quem j\u00e1 n\u00e3o chega \u00e0 final &#8211; Not\u00edcias de hoje"},"content":{"rendered":"<p>No Secret Story, os concorrentes re\u00fanem-se no jardim para mais uma din\u00e2mica proporcionada pela Voz. Durante o momento, os jogadores t\u00eam de atribuir prov\u00e9rbios que se encaixem no feitio de cada um. In\u00eas acredita que o fim do noivado de Liliana com Z\u00e9 deu-lhe jogo e visibilidade. A concorrente tece declara\u00e7\u00f5es in\u00e9ditas e entram em confronto com In\u00eas, Pedro e Marisa. Liliana \u00e9 criticada mas deixa duros coment\u00e1rios \u00e0 rela\u00e7\u00e3o de Pedro e Marisa, que considera ter problemas graves.<\/p>\n","protected":false},"excerpt":{"rendered":"No Secret Story, os concorrentes re\u00fanem-se no jardim para mais uma din\u00e2mica proporcionada pela Voz. Durante o momento,&hellip;\n","protected":false},"author":2,"featured_media":189640,"comment_status":"","ping_status":"","sticky":false,"template":"","format":"standard","meta":{"footnotes":""},"categories":[85],"tags":[114,115,488,13,32,33],"class_list":{"0":"post-189639","1":"post","2":"type-post","3":"status-publish","4":"format-standard","5":"has-post-thumbnail","7":"category-entretenimento","8":"tag-entertainment","9":"tag-entretenimento","10":"tag-iol","11":"tag-noticias","12":"tag-portugal","13":"tag-pt"},"share_on_mastodon":{"url":"https:\/\/pubeurope.com\/@pt\/115725026419266786","error":""},"_links":{"self":[{"href":"https:\/\/www.europesays.com\/pt\/wp-json\/wp\/v2\/posts\/189639","targetHints":{"allow":["GET"]}}],"collection":[{"href":"https:\/\/www.europesays.com\/pt\/wp-json\/wp\/v2\/posts"}],"about":[{"href":"https:\/\/www.europesays.com\/pt\/wp-json\/wp\/v2\/types\/post"}],"author":[{"embeddable":true,"href":"https:\/\/www.europesays.com\/pt\/wp-json\/wp\/v2\/users\/2"}],"replies":[{"embeddable":true,"href":"https:\/\/www.europesays.com\/pt\/wp-json\/wp\/v2\/comments?post=189639"}],"version-history":[{"count":0,"href":"https:\/\/www.europesays.com\/pt\/wp-json\/wp\/v2\/posts\/189639\/revisions"}],"wp:featuredmedia":[{"embeddable":true,"href":"https:\/\/www.europesays.com\/pt\/wp-json\/wp\/v2\/media\/189640"}],"wp:attachment":[{"href":"https:\/\/www.europesays.com\/pt\/wp-json\/wp\/v2\/media?parent=189639"}],"wp:term":[{"taxonomy":"category","embeddable":true,"href":"https:\/\/www.europesays.com\/pt\/wp-json\/wp\/v2\/categories?post=189639"},{"taxonomy":"post_tag","embeddable":true,"href":"https:\/\/www.europesays.com\/pt\/wp-json\/wp\/v2\/tags?post=189639"}],"curies":[{"name":"wp","href":"https:\/\/api.w.org\/{rel}","templated":true}]}}