{"id":189662,"date":"2025-12-15T18:51:08","date_gmt":"2025-12-15T18:51:08","guid":{"rendered":"https:\/\/www.europesays.com\/pt\/189662\/"},"modified":"2025-12-15T18:51:08","modified_gmt":"2025-12-15T18:51:08","slug":"eua-anunciam-desmantelamento-de-conspiracao-terrorista-que-planeava-varios-ataques-para-o-ano-novo","status":"publish","type":"post","link":"https:\/\/www.europesays.com\/pt\/189662\/","title":{"rendered":"EUA anunciam desmantelamento de &#8220;conspira\u00e7\u00e3o terrorista&#8221; que planeava v\u00e1rios ataques para o Ano Novo"},"content":{"rendered":"<p>\t                Objetivo era colocar explosivos em cinco locais diferentes<\/p>\n<p style=\"margin-bottom:11px\">O FBI desvendou uma conspira\u00e7\u00e3o para realizar ataques \u00e0 bomba em m\u00faltiplos alvos nos Estados Unidos, incluindo contra agentes de imigra\u00e7\u00e3o e ve\u00edculos.<\/p>\n<p>A informa\u00e7\u00e3o foi confirmada pela procuradora-geral, Pam Bondi, que confirmou que os ataques estavam planeados para Los Angeles e Orange County, no estado da Calif\u00f3rnia.<\/p>\n<p>\u201cA Turtle Island Liberation Front &#8211; um grupo de extrema-esquerda, pr\u00f3-Palestina, anti-governamental e anti-capitalista &#8211; estava a preparar uma s\u00e9rie de ataques contra v\u00e1rios alvos na Calif\u00f3rnia a come\u00e7ar na v\u00e9spera do Ano Novo. O grupo tamb\u00e9m planeava ataques contra agentes e ve\u00edculos do ICE\u201d, indicou Pam Bondi.<\/p>\n<p>Quatro pessoas foram acusadas por conspira\u00e7\u00e3o e posse de um aparelho destrutivo n\u00e3o registado, de acordo com a queixa que entrou no Tribunal Distrital para o Distrito Central da Calif\u00f3rnia.<\/p>\n<p>O plano, de acordo com o processo, passava por colocar explosivos em cinco locais diferentes, com o objetivo de alvejar duas empresas dos Estados Unidos \u00e0s 00:00 da noite de passagem de ano.<\/p>\n<p>Os quatro detidos foram nomeados como\u00a0Audrey Illeene Carroll, Zachary Aaron Page, Dante Gaffield, e Tina Lai, sendo que a primeira destas pessoas apresentou a uma fonte confidencial um documento escrito \u00e0 m\u00e3o com o t\u00edtulo &#8220;Opera\u00e7\u00e3o Sol da Meia Noite&#8221;, no qual estava descrito um plano para ataques \u00e0 bomba.<\/p>\n<p>Audrey Illeene Carroll e Zachary Aaron Page acabaram depois por recrutar os outros dois suspeitos, instruindo-os a conseguirem &#8220;comprar materiais para fabrico de bombas e viajar para uma localiza\u00e7\u00e3o remota no deserto do Mojave para construir e detonar dispositivos explosivos num teste a 12 de dezembro de 2025.<\/p>\n<p>Os agentes do FBI acabaram por intervir antes que o grupo conseguisse levar a cabo os planos.<\/p>\n","protected":false},"excerpt":{"rendered":"Objetivo era colocar explosivos em cinco locais diferentes O FBI desvendou uma conspira\u00e7\u00e3o para realizar ataques \u00e0 bomba&hellip;\n","protected":false},"author":2,"featured_media":189663,"comment_status":"","ping_status":"","sticky":false,"template":"","format":"standard","meta":{"footnotes":""},"categories":[50],"tags":[609,836,7558,611,38274,27,28,8662,607,608,333,832,604,135,610,476,15,16,301,830,14,603,25,26,570,3670,21,22,831,833,62,834,12,13,19,20,835,602,37505,52,32,23,24,17,18,29,30,31,63,64,65],"class_list":{"0":"post-189662","1":"post","2":"type-post","3":"status-publish","4":"format-standard","5":"has-post-thumbnail","7":"category-mundo","8":"tag-alerta","9":"tag-analise","10":"tag-ano-novo","11":"tag-ao-minuto","12":"tag-ataques-terroristas","13":"tag-breaking-news","14":"tag-breakingnews","15":"tag-california","16":"tag-cnn","17":"tag-cnn-portugal","18":"tag-comentadores","19":"tag-costa","20":"tag-crime","21":"tag-desporto","22":"tag-direto","23":"tag-economia","24":"tag-featured-news","25":"tag-featurednews","26":"tag-governo","27":"tag-guerra","28":"tag-headlines","29":"tag-justica","30":"tag-latest-news","31":"tag-latestnews","32":"tag-live","33":"tag-los-angeles","34":"tag-main-news","35":"tag-mainnews","36":"tag-mais-vistas","37":"tag-marcelo","38":"tag-mundo","39":"tag-negocios","40":"tag-news","41":"tag-noticias","42":"tag-noticias-principais","43":"tag-noticiasprincipais","44":"tag-opiniao","45":"tag-pais","46":"tag-passagem-de-ano","47":"tag-politica","48":"tag-portugal","49":"tag-principais-noticias","50":"tag-principaisnoticias","51":"tag-top-stories","52":"tag-topstories","53":"tag-ultimas","54":"tag-ultimas-noticias","55":"tag-ultimasnoticias","56":"tag-world","57":"tag-world-news","58":"tag-worldnews"},"share_on_mastodon":{"url":"","error":"Validation failed: Text character limit of 500 exceeded"},"_links":{"self":[{"href":"https:\/\/www.europesays.com\/pt\/wp-json\/wp\/v2\/posts\/189662","targetHints":{"allow":["GET"]}}],"collection":[{"href":"https:\/\/www.europesays.com\/pt\/wp-json\/wp\/v2\/posts"}],"about":[{"href":"https:\/\/www.europesays.com\/pt\/wp-json\/wp\/v2\/types\/post"}],"author":[{"embeddable":true,"href":"https:\/\/www.europesays.com\/pt\/wp-json\/wp\/v2\/users\/2"}],"replies":[{"embeddable":true,"href":"https:\/\/www.europesays.com\/pt\/wp-json\/wp\/v2\/comments?post=189662"}],"version-history":[{"count":0,"href":"https:\/\/www.europesays.com\/pt\/wp-json\/wp\/v2\/posts\/189662\/revisions"}],"wp:featuredmedia":[{"embeddable":true,"href":"https:\/\/www.europesays.com\/pt\/wp-json\/wp\/v2\/media\/189663"}],"wp:attachment":[{"href":"https:\/\/www.europesays.com\/pt\/wp-json\/wp\/v2\/media?parent=189662"}],"wp:term":[{"taxonomy":"category","embeddable":true,"href":"https:\/\/www.europesays.com\/pt\/wp-json\/wp\/v2\/categories?post=189662"},{"taxonomy":"post_tag","embeddable":true,"href":"https:\/\/www.europesays.com\/pt\/wp-json\/wp\/v2\/tags?post=189662"}],"curies":[{"name":"wp","href":"https:\/\/api.w.org\/{rel}","templated":true}]}}