{"id":189670,"date":"2025-12-15T18:58:15","date_gmt":"2025-12-15T18:58:15","guid":{"rendered":"https:\/\/www.europesays.com\/pt\/189670\/"},"modified":"2025-12-15T18:58:15","modified_gmt":"2025-12-15T18:58:15","slug":"fabio-entra-em-confronto-com-pedro-jorge-nao-tem-nada-na-cabeca-secret-story","status":"publish","type":"post","link":"https:\/\/www.europesays.com\/pt\/189670\/","title":{"rendered":"F\u00e1bio entra em confronto com Pedro Jorge: \u00abN\u00e3o tem nada na cabe\u00e7a\u00bb &#8211; Secret Story"},"content":{"rendered":"<p>No Secret Story, os concorrentes re\u00fanem-se no jardim para mais uma din\u00e2mica proporcionada pela Voz. Durante o momento, os jogadores t\u00eam de atribuir prov\u00e9rbios que se encaixem no feitio de cada um. In\u00eas acredita que o fim do noivado de Liliana com Z\u00e9 deu-lhe jogo e visibilidade. A concorrente tece declara\u00e7\u00f5es in\u00e9ditas e entram em confronto com In\u00eas, Pedro e Marisa. Liliana \u00e9 criticada mas deixa duros coment\u00e1rios \u00e0 rela\u00e7\u00e3o de Pedro e Marisa, que considera ter problemas graves.\u00a0F\u00e1bio entra em confronto com Pedro Jorge: \u00abN\u00e3o tem nada na cabe\u00e7a\u00bb.<\/p>\n<p>Tudo isto aconteceu ap\u00f3s uma gala intensa, marcada pela <strong>revela\u00e7\u00e3o do segredo de Marisa e<\/strong>, tamb\u00e9m pela <strong>expuls\u00e3o de Ana<\/strong>. Num duelo contra In\u00eas e Liliana, Ana foi a menos votada, com apenas 22% dos votos para salvar. Esta segunda-feira, no Especial da noite, com Cristina Ferreira, ficaremos a conhecer o novo leque de nomeados da pr\u00f3xima semana. <a href=\"https:\/\/tvi.iol.pt\/secretstory\/aominuto\" rel=\"nofollow noopener\" target=\"_blank\">Acompanhe aqui tudo o que se passa na casa mais vigiada do pa\u00eds.<\/a><\/p>\n","protected":false},"excerpt":{"rendered":"No Secret Story, os concorrentes re\u00fanem-se no jardim para mais uma din\u00e2mica proporcionada pela Voz. Durante o momento,&hellip;\n","protected":false},"author":2,"featured_media":189671,"comment_status":"","ping_status":"","sticky":false,"template":"","format":"standard","meta":{"footnotes":""},"categories":[142],"tags":[114,115,19082,19033,19034,14646,32,33,151,19032],"class_list":{"0":"post-189670","1":"post","2":"type-post","3":"status-publish","4":"format-standard","5":"has-post-thumbnail","7":"category-tv","8":"tag-entertainment","9":"tag-entretenimento","10":"tag-fabio","11":"tag-galas-em-video","12":"tag-melhores-momentos-casa-dos-segredos","13":"tag-pedro","14":"tag-portugal","15":"tag-pt","16":"tag-tv","17":"tag-videos-secret-story-tvi"},"share_on_mastodon":{"url":"https:\/\/pubeurope.com\/@pt\/115725120681062791","error":""},"_links":{"self":[{"href":"https:\/\/www.europesays.com\/pt\/wp-json\/wp\/v2\/posts\/189670","targetHints":{"allow":["GET"]}}],"collection":[{"href":"https:\/\/www.europesays.com\/pt\/wp-json\/wp\/v2\/posts"}],"about":[{"href":"https:\/\/www.europesays.com\/pt\/wp-json\/wp\/v2\/types\/post"}],"author":[{"embeddable":true,"href":"https:\/\/www.europesays.com\/pt\/wp-json\/wp\/v2\/users\/2"}],"replies":[{"embeddable":true,"href":"https:\/\/www.europesays.com\/pt\/wp-json\/wp\/v2\/comments?post=189670"}],"version-history":[{"count":0,"href":"https:\/\/www.europesays.com\/pt\/wp-json\/wp\/v2\/posts\/189670\/revisions"}],"wp:featuredmedia":[{"embeddable":true,"href":"https:\/\/www.europesays.com\/pt\/wp-json\/wp\/v2\/media\/189671"}],"wp:attachment":[{"href":"https:\/\/www.europesays.com\/pt\/wp-json\/wp\/v2\/media?parent=189670"}],"wp:term":[{"taxonomy":"category","embeddable":true,"href":"https:\/\/www.europesays.com\/pt\/wp-json\/wp\/v2\/categories?post=189670"},{"taxonomy":"post_tag","embeddable":true,"href":"https:\/\/www.europesays.com\/pt\/wp-json\/wp\/v2\/tags?post=189670"}],"curies":[{"name":"wp","href":"https:\/\/api.w.org\/{rel}","templated":true}]}}