{"id":189687,"date":"2025-12-15T19:08:23","date_gmt":"2025-12-15T19:08:23","guid":{"rendered":"https:\/\/www.europesays.com\/pt\/189687\/"},"modified":"2025-12-15T19:08:23","modified_gmt":"2025-12-15T19:08:23","slug":"monitor-de-equitacao-de-centro-hipico-de-azambuja-detido-por-abusar-sexualmente-de-alunos","status":"publish","type":"post","link":"https:\/\/www.europesays.com\/pt\/189687\/","title":{"rendered":"Monitor de equita\u00e7\u00e3o de Centro H\u00edpico de Azambuja detido por abusar sexualmente de alunos"},"content":{"rendered":"<p>Um homem com 22 anos de idade, que era monitor no Centro H\u00edpico Lebreiro, em Azambuja, foi detido na passada sexta-feira, pela Pol\u00edcia Judici\u00e1ria (PJ), em Alenquer, onde reside, pela suspeita da pr\u00e1tica de \u201ccrimes de abuso sexual de menores dependentes ou em situa\u00e7\u00e3o particularmente vulner\u00e1vel, de pornografia de menores e de abuso sexual de crian\u00e7as\u201d, praticados sobre dois rapazes de 11 e 14 anos.<\/p>\n<p>Em comunicado a PJ esclarece que \u201co suspeito \u00e9 formador de uma modalidade desportiva extracurricular e treina crian\u00e7as dos 6 aos 16 anos\u201d, no centro h\u00edpico de Azambuja onde tamb\u00e9m acompanhava os formandos em competi\u00e7\u00f5es, das quais o pr\u00f3prio tamb\u00e9m era praticante.<\/p>\n<p>A PJ revela que os alegados abusos ter\u00e3o sido praticados durante as pr\u00e1ticas de equita\u00e7\u00e3o entre abril e novembro deste ano, e foram denunciados por um aluno, que contactou as autoridades, que rapidamente conseguiram deter o abusador sexual.<\/p>\n<p>Apesar da deten\u00e7\u00e3o, as autoridades continuam a investiga\u00e7\u00e3o, uma vez que subsistem d\u00favidas se existem mais v\u00edtimas.<\/p>\n<p>O suspeito foi presente ao Tribunal de Loures na passada sexta-feira, tendo-lhe sido decretada a medida de coa\u00e7\u00e3o de pris\u00e3o preventiva.<\/p>\n","protected":false},"excerpt":{"rendered":"Um homem com 22 anos de idade, que era monitor no Centro H\u00edpico Lebreiro, em Azambuja, foi detido&hellip;\n","protected":false},"author":2,"featured_media":189688,"comment_status":"","ping_status":"","sticky":false,"template":"","format":"standard","meta":{"footnotes":""},"categories":[8],"tags":[27,28,15,16,14,25,26,21,22,12,13,19,20,32,23,24,33,17,18,29,30,31],"class_list":{"0":"post-189687","1":"post","2":"type-post","3":"status-publish","4":"format-standard","5":"has-post-thumbnail","7":"category-principais-noticias","8":"tag-breaking-news","9":"tag-breakingnews","10":"tag-featured-news","11":"tag-featurednews","12":"tag-headlines","13":"tag-latest-news","14":"tag-latestnews","15":"tag-main-news","16":"tag-mainnews","17":"tag-news","18":"tag-noticias","19":"tag-noticias-principais","20":"tag-noticiasprincipais","21":"tag-portugal","22":"tag-principais-noticias","23":"tag-principaisnoticias","24":"tag-pt","25":"tag-top-stories","26":"tag-topstories","27":"tag-ultimas","28":"tag-ultimas-noticias","29":"tag-ultimasnoticias"},"share_on_mastodon":{"url":"https:\/\/pubeurope.com\/@pt\/115725159943234048","error":""},"_links":{"self":[{"href":"https:\/\/www.europesays.com\/pt\/wp-json\/wp\/v2\/posts\/189687","targetHints":{"allow":["GET"]}}],"collection":[{"href":"https:\/\/www.europesays.com\/pt\/wp-json\/wp\/v2\/posts"}],"about":[{"href":"https:\/\/www.europesays.com\/pt\/wp-json\/wp\/v2\/types\/post"}],"author":[{"embeddable":true,"href":"https:\/\/www.europesays.com\/pt\/wp-json\/wp\/v2\/users\/2"}],"replies":[{"embeddable":true,"href":"https:\/\/www.europesays.com\/pt\/wp-json\/wp\/v2\/comments?post=189687"}],"version-history":[{"count":0,"href":"https:\/\/www.europesays.com\/pt\/wp-json\/wp\/v2\/posts\/189687\/revisions"}],"wp:featuredmedia":[{"embeddable":true,"href":"https:\/\/www.europesays.com\/pt\/wp-json\/wp\/v2\/media\/189688"}],"wp:attachment":[{"href":"https:\/\/www.europesays.com\/pt\/wp-json\/wp\/v2\/media?parent=189687"}],"wp:term":[{"taxonomy":"category","embeddable":true,"href":"https:\/\/www.europesays.com\/pt\/wp-json\/wp\/v2\/categories?post=189687"},{"taxonomy":"post_tag","embeddable":true,"href":"https:\/\/www.europesays.com\/pt\/wp-json\/wp\/v2\/tags?post=189687"}],"curies":[{"name":"wp","href":"https:\/\/api.w.org\/{rel}","templated":true}]}}