{"id":189703,"date":"2025-12-15T19:19:12","date_gmt":"2025-12-15T19:19:12","guid":{"rendered":"https:\/\/www.europesays.com\/pt\/189703\/"},"modified":"2025-12-15T19:19:12","modified_gmt":"2025-12-15T19:19:12","slug":"observador-tem-7-podcasts-no-top-dos-20-mais-ouvidos-observador","status":"publish","type":"post","link":"https:\/\/www.europesays.com\/pt\/189703\/","title":{"rendered":"Observador tem 7 podcasts no top dos 20 mais ouvidos \u2013 Observador"},"content":{"rendered":"<p>No top dos 20 podcasts mais ouvidos em Portugal em Novembro, sete s\u00e3o do Observador: Contra-Corrente, A Hist\u00f3ria do Dia, O Bom, o Mau e o Vil\u00e3o, A Guerra Traduzida, E o Vencedor \u00e9\u2026, E o Resto \u00e9 Hist\u00f3ria e Ideias Feitas. Os tr\u00eas mais ouvidos s\u00e3o de humor: Extremamente Desagrad\u00e1vel, da R\u00e1dio Renascen\u00e7a, e O Homem que Mordeu o C\u00e3o e Bem-Vindo a mais um epis\u00f3dio de, ambos da Comercial.<\/p>\n<p>No ranking podscope de Novembro, o Observador surge em 2\u00ba lugar, tanto em n\u00famero de ouvintes semanais (282.161), como em downloads (2,6 milh\u00f5es, a 400 mil da RR, que lidera). O Observador volta assim a ficar \u00e0 frente da R\u00e1dio Comercial, Expresso, SIC, SIC Not\u00edcias, RFM e M80, que ocupam os lugares entre 3\u00ba e 8\u00ba.<\/p>\n<p>Veja aqui o top dos 100 podcasts mais ouvidos em Novembro:<\/p>\n","protected":false},"excerpt":{"rendered":"No top dos 20 podcasts mais ouvidos em Portugal em Novembro, sete s\u00e3o do Observador: Contra-Corrente, A Hist\u00f3ria&hellip;\n","protected":false},"author":2,"featured_media":189704,"comment_status":"","ping_status":"","sticky":false,"template":"","format":"standard","meta":{"footnotes":""},"categories":[83],"tags":[88,89,90,861,2123,32,33],"class_list":{"0":"post-189703","1":"post","2":"type-post","3":"status-publish","4":"format-standard","5":"has-post-thumbnail","7":"category-empresas","8":"tag-business","9":"tag-economy","10":"tag-empresas","11":"tag-observador","12":"tag-podcasts","13":"tag-portugal","14":"tag-pt"},"share_on_mastodon":{"url":"https:\/\/pubeurope.com\/@pt\/115725203466998772","error":""},"_links":{"self":[{"href":"https:\/\/www.europesays.com\/pt\/wp-json\/wp\/v2\/posts\/189703","targetHints":{"allow":["GET"]}}],"collection":[{"href":"https:\/\/www.europesays.com\/pt\/wp-json\/wp\/v2\/posts"}],"about":[{"href":"https:\/\/www.europesays.com\/pt\/wp-json\/wp\/v2\/types\/post"}],"author":[{"embeddable":true,"href":"https:\/\/www.europesays.com\/pt\/wp-json\/wp\/v2\/users\/2"}],"replies":[{"embeddable":true,"href":"https:\/\/www.europesays.com\/pt\/wp-json\/wp\/v2\/comments?post=189703"}],"version-history":[{"count":0,"href":"https:\/\/www.europesays.com\/pt\/wp-json\/wp\/v2\/posts\/189703\/revisions"}],"wp:featuredmedia":[{"embeddable":true,"href":"https:\/\/www.europesays.com\/pt\/wp-json\/wp\/v2\/media\/189704"}],"wp:attachment":[{"href":"https:\/\/www.europesays.com\/pt\/wp-json\/wp\/v2\/media?parent=189703"}],"wp:term":[{"taxonomy":"category","embeddable":true,"href":"https:\/\/www.europesays.com\/pt\/wp-json\/wp\/v2\/categories?post=189703"},{"taxonomy":"post_tag","embeddable":true,"href":"https:\/\/www.europesays.com\/pt\/wp-json\/wp\/v2\/tags?post=189703"}],"curies":[{"name":"wp","href":"https:\/\/api.w.org\/{rel}","templated":true}]}}