{"id":189770,"date":"2025-12-15T20:08:08","date_gmt":"2025-12-15T20:08:08","guid":{"rendered":"https:\/\/www.europesays.com\/pt\/189770\/"},"modified":"2025-12-15T20:08:08","modified_gmt":"2025-12-15T20:08:08","slug":"joao-patricio-revela-maior-desafio-atualmente-a-cabeca-nao-aguenta","status":"publish","type":"post","link":"https:\/\/www.europesays.com\/pt\/189770\/","title":{"rendered":"Jo\u00e3o Patr\u00edcio revela maior desafio atualmente: &#8220;A cabe\u00e7a n\u00e3o aguenta&#8230;&#8221;"},"content":{"rendered":"<p><strong>Jo\u00e3o Patr\u00edcio<\/strong> conduz o programa <a href=\"https:\/\/www.vip.pt\/joao-patricio-reforca-a-equipa-do-momento-certo-com-pessoa-muito-conhecida\" rel=\"nofollow noopener\" target=\"_blank\">Momento Certo<\/a> da TVI e revelou que \u00e9\u00a0 \u201cuma aventura\u201d em muitos sentidos e especialmente no que toca \u00e0 parte emocional.<\/p>\n<p>Em declara\u00e7\u00f5es \u00e0 selfie, atira: \u201cTem sido uma aventura poderosa, sobretudo em termos emocionais\u201d, come\u00e7ou por dizer. E, no seguimento, garante que ap\u00f3s cada emiss\u00e3o tem de \u2018desligar o bot\u00e3o\u2019. \u201cAcho que n\u00e3o h\u00e1 outra forma de fazer. \u00c9 evidente que <strong>algumas hist\u00f3rias s\u00e3o mais impactantes,<\/strong> mais dif\u00edceis de limpar. Mas tem que se ter esse compromisso mais higi\u00e9nico com as hist\u00f3rias que se v\u00e3o ouvindo, <strong>caso contr\u00e1rio, n\u00e3o \u00e9 poss\u00edvel, a cabe\u00e7a n\u00e3o aguenta<\/strong>\u201c, disse.<\/p>\n<p>\u201cUm exerc\u00edcio emocional mais complicado\u201d<\/p>\n<p>\u00c9 dessa forma que para o apresentador a parte emocional \u00e9 o maior desafio. \u201cAtrevo-me a dizer que sim. H\u00e1 ali momentos que s\u00e3o manifestamente mais complicados, sobretudo quando tenho de revelar informa\u00e7\u00f5es e, por vezes, n\u00e3o s\u00e3o as melhores novidades. Ou porque a pessoa n\u00e3o quer estar, ou porque, pior, j\u00e1 n\u00e3o est\u00e1 entre n\u00f3s. Isso configura <strong>um exerc\u00edcio emocional mais complicado,<\/strong> para quem ouve e para quem transmite essa mensagem, que no caso sou eu\u201d, rematou.<\/p>\n<p>\nTexto: Maria Constan\u00e7a Castanheira; Fotos: Redes Sociais\n<\/p>\n<p>\u00a0<\/p>\n<blockquote class=\"wp-embedded-content\" data-secret=\"slWrU8S2cp\">\n<p><a href=\"https:\/\/www.vip.pt\/cristina-ferreira-perde-lugar-na-tvi-para-o-amigo-joao-patricio-ele-agora-e-que-manda-nela\" rel=\"nofollow noopener\" target=\"_blank\">Perde lugar na TVI para o amigo Jo\u00e3o Patr\u00edcio? \u201cEle agora \u00e9 que manda nela\u201d<\/a><\/p>\n<\/blockquote>\n","protected":false},"excerpt":{"rendered":"Jo\u00e3o Patr\u00edcio conduz o programa Momento Certo da TVI e revelou que \u00e9\u00a0 \u201cuma aventura\u201d em muitos sentidos&hellip;\n","protected":false},"author":2,"featured_media":189771,"comment_status":"","ping_status":"","sticky":false,"template":"","format":"standard","meta":{"footnotes":""},"categories":[145],"tags":[211,210,114,115,32,33],"class_list":{"0":"post-189770","1":"post","2":"type-post","3":"status-publish","4":"format-standard","5":"has-post-thumbnail","7":"category-celebridades","8":"tag-celebridades","9":"tag-celebrities","10":"tag-entertainment","11":"tag-entretenimento","12":"tag-portugal","13":"tag-pt"},"share_on_mastodon":{"url":"","error":""},"_links":{"self":[{"href":"https:\/\/www.europesays.com\/pt\/wp-json\/wp\/v2\/posts\/189770","targetHints":{"allow":["GET"]}}],"collection":[{"href":"https:\/\/www.europesays.com\/pt\/wp-json\/wp\/v2\/posts"}],"about":[{"href":"https:\/\/www.europesays.com\/pt\/wp-json\/wp\/v2\/types\/post"}],"author":[{"embeddable":true,"href":"https:\/\/www.europesays.com\/pt\/wp-json\/wp\/v2\/users\/2"}],"replies":[{"embeddable":true,"href":"https:\/\/www.europesays.com\/pt\/wp-json\/wp\/v2\/comments?post=189770"}],"version-history":[{"count":0,"href":"https:\/\/www.europesays.com\/pt\/wp-json\/wp\/v2\/posts\/189770\/revisions"}],"wp:featuredmedia":[{"embeddable":true,"href":"https:\/\/www.europesays.com\/pt\/wp-json\/wp\/v2\/media\/189771"}],"wp:attachment":[{"href":"https:\/\/www.europesays.com\/pt\/wp-json\/wp\/v2\/media?parent=189770"}],"wp:term":[{"taxonomy":"category","embeddable":true,"href":"https:\/\/www.europesays.com\/pt\/wp-json\/wp\/v2\/categories?post=189770"},{"taxonomy":"post_tag","embeddable":true,"href":"https:\/\/www.europesays.com\/pt\/wp-json\/wp\/v2\/tags?post=189770"}],"curies":[{"name":"wp","href":"https:\/\/api.w.org\/{rel}","templated":true}]}}