{"id":189782,"date":"2025-12-15T20:17:11","date_gmt":"2025-12-15T20:17:11","guid":{"rendered":"https:\/\/www.europesays.com\/pt\/189782\/"},"modified":"2025-12-15T20:17:11","modified_gmt":"2025-12-15T20:17:11","slug":"cl-passa-a-se-posicionar-como-agencia-de-collabs","status":"publish","type":"post","link":"https:\/\/www.europesays.com\/pt\/189782\/","title":{"rendered":"CL passa a se posicionar como ag\u00eancia de collabs"},"content":{"rendered":"<p>Ale Alves, fundador da CL, passa a integrar conselho da empresa e comando da opera\u00e7\u00e3o passa a Joyce Morais<\/p>\n<p>                <img fetchpriority=\"high\" aria-describedby=\"caption-attachment-640836\" loading=\"auto\" decoding=\"auto\" class=\" wp-image-640836\" src=\"https:\/\/www.europesays.com\/pt\/wp-content\/uploads\/2025\/12\/Joyce_Morais_e_Ale_Aleves.jpg\" alt=\"Joyce Morais e Ale Alves\" width=\"575\" height=\"353\"  \/><\/p>\n<p id=\"caption-attachment-640836\" class=\"wp-caption-text\">Joyce Morais assume como CEO da CL \u2013 The Collab Agency e Ale Alves, fundador da CL e membro do conselho da empresa (Cr\u00e9dito: Divulga\u00e7\u00e3o)<\/p>\n<p>A CL\/AG passa a se reposicionar, depois de 14 anos de entregas full service, como ag\u00eancia 100% focada em colabora\u00e7\u00f5es estrat\u00e9gicas.<\/p>\n<p>Com isso, a opera\u00e7\u00e3o adota o nome CL \u2013 The Collab Agency e o fundador, Ale Alves, passa o bast\u00e3o a Joyce Moraes, que assume os postos de CEO, CSO e s\u00f3cia. Anteriormente, a profissional esteve \u00e0 frente da consultoria Figura, fundada por ela com o intuito de prestar servi\u00e7os de branding, design e licenciamento. Morou na Espanha durante dez anos, onde trabalhou em ag\u00eancias como Y&amp;R Madri e MRM\/McCann.<\/p>\n<p>De acordo com Joyce, a proposta de valor da CL agora \u00e9 a de conectar marcas para criar novos produtos, servi\u00e7os, conte\u00fados e experi\u00eancias, em um contexto no qual collabs deixam de ser a\u00e7\u00f5es pontuais para se transformarem em ferramentas de crescimento dos neg\u00f3cios e ativa\u00e7\u00e3o daquilo que a empresa chama de \u201cconsumidores-f\u00e3s\u201d.<\/p>\n<p>O m\u00e9todo de trabalho da ag\u00eancia \u00e9 estruturado em cinco fases: defini\u00e7\u00e3o de objetivos, curadoria com base em dados, branding e cultura, idea\u00e7\u00e3o colaborativa, estrat\u00e9gia de lan\u00e7amento e mensura\u00e7\u00e3o de resultados. Entre os objetivos da ag\u00eancia est\u00e3o a entrada das marcas em novos canais, extens\u00e3o de categoria, atra\u00e7\u00e3o de novos p\u00fablicos e constru\u00e7\u00e3o de comunidades.<\/p>\n<p>A nova CL tem uma nova equipe e identidade visual e j\u00e1 vem desenvolvendo projetos para marcas como Renault, Grupo Mundial, BrazilEconomy, Date a Home e Bienal de Arquitetura Brasileira.<\/p>\n<p>Em breve, Al\u00ea Alves, que deixa suas fun\u00e7\u00f5es executivas e entra para o conselho da empresa, apresentar\u00e1 uma nova opera\u00e7\u00e3o full service, que ser\u00e1 liderada por ele e contar\u00e1 com outros s\u00f3cios.<\/p>\n","protected":false},"excerpt":{"rendered":"Ale Alves, fundador da CL, passa a integrar conselho da empresa e comando da opera\u00e7\u00e3o passa a Joyce&hellip;\n","protected":false},"author":2,"featured_media":189783,"comment_status":"","ping_status":"","sticky":false,"template":"","format":"standard","meta":{"footnotes":""},"categories":[84],"tags":[109,107,108,32,33,105,103,104,106,110],"class_list":{"0":"post-189782","1":"post","2":"type-post","3":"status-publish","4":"format-standard","5":"has-post-thumbnail","7":"category-ciencia-e-tecnologia","8":"tag-ciencia","9":"tag-ciencia-e-tecnologia","10":"tag-cienciaetecnologia","11":"tag-portugal","12":"tag-pt","13":"tag-science","14":"tag-science-and-technology","15":"tag-scienceandtechnology","16":"tag-technology","17":"tag-tecnologia"},"share_on_mastodon":{"url":"https:\/\/pubeurope.com\/@pt\/115725431439304253","error":""},"_links":{"self":[{"href":"https:\/\/www.europesays.com\/pt\/wp-json\/wp\/v2\/posts\/189782","targetHints":{"allow":["GET"]}}],"collection":[{"href":"https:\/\/www.europesays.com\/pt\/wp-json\/wp\/v2\/posts"}],"about":[{"href":"https:\/\/www.europesays.com\/pt\/wp-json\/wp\/v2\/types\/post"}],"author":[{"embeddable":true,"href":"https:\/\/www.europesays.com\/pt\/wp-json\/wp\/v2\/users\/2"}],"replies":[{"embeddable":true,"href":"https:\/\/www.europesays.com\/pt\/wp-json\/wp\/v2\/comments?post=189782"}],"version-history":[{"count":0,"href":"https:\/\/www.europesays.com\/pt\/wp-json\/wp\/v2\/posts\/189782\/revisions"}],"wp:featuredmedia":[{"embeddable":true,"href":"https:\/\/www.europesays.com\/pt\/wp-json\/wp\/v2\/media\/189783"}],"wp:attachment":[{"href":"https:\/\/www.europesays.com\/pt\/wp-json\/wp\/v2\/media?parent=189782"}],"wp:term":[{"taxonomy":"category","embeddable":true,"href":"https:\/\/www.europesays.com\/pt\/wp-json\/wp\/v2\/categories?post=189782"},{"taxonomy":"post_tag","embeddable":true,"href":"https:\/\/www.europesays.com\/pt\/wp-json\/wp\/v2\/tags?post=189782"}],"curies":[{"name":"wp","href":"https:\/\/api.w.org\/{rel}","templated":true}]}}