{"id":189798,"date":"2025-12-15T20:31:14","date_gmt":"2025-12-15T20:31:14","guid":{"rendered":"https:\/\/www.europesays.com\/pt\/189798\/"},"modified":"2025-12-15T20:31:14","modified_gmt":"2025-12-15T20:31:14","slug":"estudo-de-barco-de-2-000-anos-revela-origens-e-navegacao-avancada-antes-da-era-viking","status":"publish","type":"post","link":"https:\/\/www.europesays.com\/pt\/189798\/","title":{"rendered":"Estudo de barco de 2.000 anos revela origens e navega\u00e7\u00e3o avan\u00e7ada antes da Era Viking"},"content":{"rendered":"<p>Uma pesquisa cient\u00edfica recente trouxe novas perspectivas sobre uma das mais emblem\u00e1ticas <a href=\"https:\/\/aventurasnahistoria.com.br\/noticias\/almanaque\/veja-5-dos-naufragios-mais-antigos-ja-descobertos-na-historia.phtml\" rel=\"nofollow noopener\" target=\"_blank\">embarca\u00e7\u00f5es<\/a> pr\u00e9-hist\u00f3ricas da Escandin\u00e1via, aproximando os pesquisadores de uma poss\u00edvel resposta sobre a origem dos guerreiros que realizaram um ousado ataque mar\u00edtimo h\u00e1 mais de 2.000 anos.<\/p>\n<p>O barco Hjortspring, conhecido como a embarca\u00e7\u00e3o preservada de t\u00e1buas mais antiga da Europa do Norte, foi descoberto em um p\u00e2ntano na ilha dinamarquesa de Als e atualmente est\u00e1 exposto no Museu Nacional da <a href=\"https:\/\/aventurasnahistoria.com.br\/noticias\/historia-hoje\/cemiterio-da-era-viking-repleto-de-objetos-antigos-e-descoberto-na-dinamarca.phtml\" rel=\"nofollow noopener\" target=\"_blank\">Dinamarca<\/a>. O artefato foi encontrado no final do s\u00e9culo 19 e escavado nas primeiras d\u00e9cadas do s\u00e9culo 20, repercute o Archaeology News.<\/p>\n<p>Junto ao barco, foram encontrados diversos armamentos, incluindo espadas, lan\u00e7as, escudos e armaduras, que sugerem a ocorr\u00eancia de um ataque militar malsucedido. Acredita-se que um grupo de invasores tenha tentado realizar um saque em Als durante a Idade do Ferro Pr\u00e9-Romana, mas foi derrotado pelos habitantes locais, que decidiram afundar a embarca\u00e7\u00e3o no p\u00e2ntano como uma oferta ritual de agradecimento. Apesar de anos de investiga\u00e7\u00e3o, a terra natal dos atacantes permanecia indefinida.<\/p>\n<p>No estudo mais recente publicado na revista <a href=\"https:\/\/journals.plos.org\/plosone\/article?id=10.1371\/journal.pone.0336965\" rel=\"nofollow noopener\" target=\"_blank\">PLOS ONE<\/a>, finalmente os cientistas revisitaram materiais arquivados da escava\u00e7\u00e3o que nunca haviam sido analisados com t\u00e9cnicas modernas. Entre esses materiais est\u00e3o fragmentos de calafetagem usados para impermeabilizar a embarca\u00e7\u00e3o e cordas relacionadas \u00e0 sua constru\u00e7\u00e3o. As datas de radiocarbono obtidas das cordas indicam que o barco remonta ao quarto ou terceiro s\u00e9culo a.C.<\/p>\n<p>A an\u00e1lise qu\u00edmica da calafetagem revelou uma descoberta ainda mais surpreendente. Em vez dos materiais locais como \u00f3leo de linha\u00e7a ou gordura animal esperados, o selante era composto por uma mistura de alcatr\u00e3o de pinheiro e gordura.<\/p>\n<p>\u00c9 relevante ressaltar que, na \u00e9poca, havia poucas florestas de pinheiros na Dinamarca ou no norte da Alemanha, mas essas \u00e1rvores eram abundantes ao longo da costa do <a href=\"https:\/\/aventurasnahistoria.com.br\/noticias\/historia-hoje\/antes-dos-vikings-navegadores-da-idade-do-bronze-ja-dominavam-mares-nordicos.phtml\" rel=\"nofollow noopener\" target=\"_blank\">Mar B\u00e1ltico<\/a>, mais ao leste. Isso sugere fortemente que o barco foi constru\u00eddo fora da Dinamarca, provavelmente na regi\u00e3o do B\u00e1ltico, e que sua tripula\u00e7\u00e3o navegou uma dist\u00e2ncia consider\u00e1vel para chegar at\u00e9 Als; o que, por sua vez, implica planejamento cuidadoso, habilidades mar\u00edtimas e um ataque organizado em vez de um saque espont\u00e2neo.<\/p>\n<p>Um dos achados mais impressionantes foi uma impress\u00e3o digital humana parcial preservada no alcatr\u00e3o. Essa marca \u00e9 provavelmente um toque acidental ocorrido durante a constru\u00e7\u00e3o ou reparo do barco e representa uma rara conex\u00e3o f\u00edsica com um dos antigos usu\u00e1rios da embarca\u00e7\u00e3o. Impress\u00f5es digitais desse per\u00edodo s\u00e3o extremamente raras, ressaltam os pesquisadores no estudo.<\/p>\n<p> <img loading=\"lazy\" decoding=\"async\" class=\"size-full wp-image-215904 img-fluid lazy\" alt=\"\" width=\"1280\" height=\"850\" src=\"https:\/\/www.europesays.com\/pt\/wp-content\/uploads\/2025\/12\/barco-11.jpg\"  \/>Fragmento de selante com impress\u00e3o digital e imagem de tomografia computadorizada da regi\u00e3o da impress\u00e3o \/ Cr\u00e9dito: Divulga\u00e7\u00e3o\/PloS One\/M. Fauvelle et al. <\/p>\n<p>O barco Hjortspring tamb\u00e9m evidencia o alto n\u00edvel de sofistica\u00e7\u00e3o da constru\u00e7\u00e3o naval nas <a href=\"https:\/\/aventurasnahistoria.com.br\/noticias\/historia-hoje\/doencas-bacterianas-podem-ter-sido-ameaca-na-idade-da-pedra-na-escandinavia.phtml\" rel=\"nofollow noopener\" target=\"_blank\">sociedades escandinavas<\/a> primitivas. Com quase 20 metros de comprimento e capacidade para transportar cerca de duas dezenas de homens, o barco foi costurado a partir de t\u00e1buas e possui extens\u00f5es curvadas em ambas as extremidades. Isso demonstra que as habilidades na constru\u00e7\u00e3o naval estavam bem desenvolvidas mesmo antes da <a href=\"https:\/\/aventurasnahistoria.com.br\/noticias\/historia-hoje\/cabeca-esculpida-de-900-anos-da-era-viking-e-descoberta-na-escocia.phtml\" rel=\"nofollow noopener\" target=\"_blank\">Era Viking<\/a>.<\/p>\n<p>Os pesquisadores esperam que estudos futuros possam oferecer ainda mais esclarecimentos sobre este tema. Por exemplo, uma an\u00e1lise detalhada dos an\u00e9is das \u00e1rvores contidas na madeira preservada por meio de t\u00e9cnicas de imagem e a extra\u00e7\u00e3o de DNA antigo do alcatr\u00e3o podem finalmente desvendar a origem dos guerreiros Hjortspring e destacar como as viagens mar\u00edtimas, o com\u00e9rcio e os conflitos estavam enraizados na sociedade escandinava s\u00e9culos antes da era dos Vikings.<\/p>\n<p>        <a href=\"https:\/\/aventurasnahistoria.com.br\/noticias\/author\/eric-moreira\" rel=\"nofollow noopener\" target=\"_blank\">&#13;<br \/>\n          <img loading=\"lazy\" decoding=\"async\" alt=\"\u00c9ric Moreira\" src=\"https:\/\/www.europesays.com\/pt\/wp-content\/uploads\/2025\/09\/WhatsApp-Image-2021-09-24-at-18.30.11-150x150.jpeg\" class=\"avatar avatar-115 photo rounded-circle\" height=\"115\" width=\"115\"\/>        <\/a><\/p>\n<p>\u00c9ric Moreira \u00e9 jornalista, formado pelo Centro Universit\u00e1rio Belas Artes de S\u00e3o Paulo. Passa a maior parte do tempo vendo filmes e s\u00e9ries, interessado em jornalismo cultural e grande amante de Arte e Hist\u00f3ria.<\/p>\n","protected":false},"excerpt":{"rendered":"Uma pesquisa cient\u00edfica recente trouxe novas perspectivas sobre uma das mais emblem\u00e1ticas embarca\u00e7\u00f5es pr\u00e9-hist\u00f3ricas da Escandin\u00e1via, aproximando os&hellip;\n","protected":false},"author":2,"featured_media":189799,"comment_status":"","ping_status":"","sticky":false,"template":"","format":"standard","meta":{"footnotes":"","_share_on_mastodon":"0"},"categories":[84],"tags":[13407,38283,109,107,108,3471,38284,8281,1347,736,62,13,1348,32,30230,33,105,103,104,106,110],"class_list":["post-189798","post","type-post","status-publish","format-standard","has-post-thumbnail","category-ciencia-e-tecnologia","tag-barco","tag-barco-de-hjortspring","tag-ciencia","tag-ciencia-e-tecnologia","tag-cienciaetecnologia","tag-curiosidades","tag-era-viking","tag-escandinavia","tag-estudo","tag-historia","tag-mundo","tag-noticias","tag-pesquisa","tag-portugal","tag-pre-historia","tag-pt","tag-science","tag-science-and-technology","tag-scienceandtechnology","tag-technology","tag-tecnologia"],"share_on_mastodon":{"url":"https:\/\/pubeurope.com\/@pt\/115725486449705457","error":""},"_links":{"self":[{"href":"https:\/\/www.europesays.com\/pt\/wp-json\/wp\/v2\/posts\/189798","targetHints":{"allow":["GET"]}}],"collection":[{"href":"https:\/\/www.europesays.com\/pt\/wp-json\/wp\/v2\/posts"}],"about":[{"href":"https:\/\/www.europesays.com\/pt\/wp-json\/wp\/v2\/types\/post"}],"author":[{"embeddable":true,"href":"https:\/\/www.europesays.com\/pt\/wp-json\/wp\/v2\/users\/2"}],"replies":[{"embeddable":true,"href":"https:\/\/www.europesays.com\/pt\/wp-json\/wp\/v2\/comments?post=189798"}],"version-history":[{"count":0,"href":"https:\/\/www.europesays.com\/pt\/wp-json\/wp\/v2\/posts\/189798\/revisions"}],"wp:featuredmedia":[{"embeddable":true,"href":"https:\/\/www.europesays.com\/pt\/wp-json\/wp\/v2\/media\/189799"}],"wp:attachment":[{"href":"https:\/\/www.europesays.com\/pt\/wp-json\/wp\/v2\/media?parent=189798"}],"wp:term":[{"taxonomy":"category","embeddable":true,"href":"https:\/\/www.europesays.com\/pt\/wp-json\/wp\/v2\/categories?post=189798"},{"taxonomy":"post_tag","embeddable":true,"href":"https:\/\/www.europesays.com\/pt\/wp-json\/wp\/v2\/tags?post=189798"}],"curies":[{"name":"wp","href":"https:\/\/api.w.org\/{rel}","templated":true}]}}