{"id":189806,"date":"2025-12-15T20:39:17","date_gmt":"2025-12-15T20:39:17","guid":{"rendered":"https:\/\/www.europesays.com\/pt\/189806\/"},"modified":"2025-12-15T20:39:17","modified_gmt":"2025-12-15T20:39:17","slug":"ja-e-conhecida-a-primeira-tabela-de-nomeacoes-da-semana-todas-as-escolhas-aqui-noticias-de-hoje-iol","status":"publish","type":"post","link":"https:\/\/www.europesays.com\/pt\/189806\/","title":{"rendered":"J\u00e1 \u00e9 conhecida a primeira tabela de nomea\u00e7\u00f5es da semana: Todas as escolhas aqui &#8211; Not\u00edcias de hoje &#8211; IOL"},"content":{"rendered":"<ol>\n<li><a href=\"https:\/\/news.google.com\/rss\/articles\/CBMizgFBVV95cUxOZ3h4MDRfYWgwUEptSW1DdWhxYnNKZjZHSDloblYtWFQyUTRpSlVOWWxmMl9sN1c1YUNsNWM4Sk84MzRySmVqR3JNQTJCelc2RzhsYzBUWmFiT1lUc3JGTWpMenV1dFIzX2Y5UmRyX1B0a1VUcC03d3V3cDdqLWE4ZmJjRHgtWkZkZFJQOThiY1l1NWQxM0ViOVA1MDRETEFvZjhMRmwwcUpfZWtydUo2NkJPZGZyMkhsekdNRWhkeHR4azVhOXh3UnZpbDNHZw?oc=5\" target=\"_blank\" rel=\"nofollow noopener\">J\u00e1 \u00e9 conhecida a primeira tabela de nomea\u00e7\u00f5es da semana: Todas as escolhas aqui<\/a>&nbsp;&nbsp;Not\u00edcias de hoje &#8211; IOL<\/li>\n<li><a href=\"https:\/\/news.google.com\/rss\/articles\/CBMiogFBVV95cUxPNENlWXZLaWQyUlF1RE8wT0ZkUThfT19iMU9Da1BvdnJOSXBXTU1ka2J0SlItaThGN0dOU3pVeW9rMlBqY2xBSU9adTcwdEZITmhZVjJ0ekg0Ry14SkVKb3hfN0tqaFhZVVRveWdzRXB3V1QxM0RRTnhHTm1aSjc3SFExSEJHeUVuMDdjUXVRVkc3UlBQcFNKTWVCNklkRXpKaFE?oc=5\" target=\"_blank\" rel=\"nofollow noopener\">&#8220;Andas com sa\u00eddas infelizes&#8221;: Leandro deixa (s\u00e9rio) aviso a F\u00e1bio ap\u00f3s novo insulto<\/a>&nbsp;&nbsp;Hiper Fm<\/li>\n<li><a href=\"https:\/\/news.google.com\/rss\/articles\/CBMiqAFBVV95cUxNSFRMWWdsLUJERXYydVB2cWk4TEMzTWtrQU1hZnBkRDV2YTgxWkdPMVpKMzVfWVlNT3FoeDdmbFpEWjNObHRjMG9CbnhGLUE5NjY5T2VxeVVlX3NMT1REQnY5U3RiM2t5QVZvWkM3QmgzYVJaTDEwU2k0WFUwbWZ5THZGeTVrTGRSSmxoNEozdHpUOWFwMGFjUkZrX04wQXd6MC1EdTU1b2jSAagBQVVfeXFMTUhUTFlnbC1CREV2MnVQdnFpOExDM01ra0FNYWZwZEQ1dmE4MVpHTzFaSjM1X1lZTU9xaHg3ZmxaRFozTmx0YzBvQm54Ri1BOTY2OU9lcXlVZV9zTE9UREJ2OVN0YjNreUFWb1pDN0JoM2FSWkwxMFNpNFhVMG1meUx2Rnk1a0xkUkpsaDRKM3R6VDlhcDBhY1JGa19OMEF3ejAtRHU1NW9o?oc=5\" target=\"_blank\" rel=\"nofollow noopener\">Leandro e F\u00e1bio: Discuss\u00e3o por detergente gera troca de acusa\u00e7\u00f5es na Casa dos Segredos<\/a>&nbsp;&nbsp;infocul.pt<\/li>\n<li><a href=\"https:\/\/news.google.com\/rss\/articles\/CBMi3wFBVV95cUxQbTUxNnd3QWd4Z0FVMU5EazE0bHI4SGVzSGpQNmFYR2pBeklmV19HUzBtd0VteGlPMVBsSHU2aldrT2RDaVIzVU5BelRqMTdaSmFfV29FckUzbmVpX2RXRUotRUVNWTg1ZXJoejVkYUMyS2g5YUt3NDJpVGZYOHd3YnVzU0ZJLUNfYkhoQXlZWWtkYmxXVm04LS1LTllQZUx3VjNrN3Q4ZlpSdkFBZzN3X01COVpEUFVVOHR4elQ1SDlqdmRVVnFBMkJfM3k3cnpHVVhFYXAyRkQyX3BkT3VR?oc=5\" target=\"_blank\" rel=\"nofollow noopener\">Liliana e F\u00e1bio envolvem-se numa discuss\u00e3o com Leandro e &#8216;l\u00edder&#8217; atira: &#8220;Andas a entrar pelos caminhos da tua namorada&#8221;<\/a>&nbsp;&nbsp;A Televis\u00e3o<\/li>\n<li><a href=\"https:\/\/news.google.com\/rss\/articles\/CBMixwFBVV95cUxQYl9FWk1jWl9SSDh4SVprbnAydkZjY1h3SFVpMGp4SklnWFltVFlaT3NyazU0OWdGaURvd3c5U3hZRW5qWmI4STl2VnVWeVdxd0pmYmlGUXBPeFZQNUk0dmNQdFFlbmRzZUNoRUpxNTlnT0RnT3ExVkw5bFk4RGRONklpMllGNjV0RFRQVElGbHg1OTlJUVZDZXhpSDJvei1KZ25PLVp2WG1kTmI4bng0czJqYWh3RVNtN1F4MS1EWlFVVVdKdUV3?oc=5\" target=\"_blank\" rel=\"nofollow noopener\">Casa dos Segredos: Leandro j\u00e1 n\u00e3o pode com Liliana! \u201cL\u00e1 fora vais levar uma banhada\u2026\u201d<\/a>&nbsp;&nbsp;SAPO<\/li>\n<\/ol>\n","protected":false},"excerpt":{"rendered":"J\u00e1 \u00e9 conhecida a primeira tabela de nomea\u00e7\u00f5es da semana: Todas as escolhas aqui&nbsp;&nbsp;Not\u00edcias de hoje &#8211; IOL&hellip;\n","protected":false},"author":2,"featured_media":189807,"comment_status":"","ping_status":"","sticky":false,"template":"","format":"standard","meta":{"footnotes":""},"categories":[142],"tags":[114,115,488,13,32,33,151],"class_list":{"0":"post-189806","1":"post","2":"type-post","3":"status-publish","4":"format-standard","5":"has-post-thumbnail","7":"category-tv","8":"tag-entertainment","9":"tag-entretenimento","10":"tag-iol","11":"tag-noticias","12":"tag-portugal","13":"tag-pt","14":"tag-tv"},"share_on_mastodon":{"url":"https:\/\/pubeurope.com\/@pt\/115725517685354839","error":""},"_links":{"self":[{"href":"https:\/\/www.europesays.com\/pt\/wp-json\/wp\/v2\/posts\/189806","targetHints":{"allow":["GET"]}}],"collection":[{"href":"https:\/\/www.europesays.com\/pt\/wp-json\/wp\/v2\/posts"}],"about":[{"href":"https:\/\/www.europesays.com\/pt\/wp-json\/wp\/v2\/types\/post"}],"author":[{"embeddable":true,"href":"https:\/\/www.europesays.com\/pt\/wp-json\/wp\/v2\/users\/2"}],"replies":[{"embeddable":true,"href":"https:\/\/www.europesays.com\/pt\/wp-json\/wp\/v2\/comments?post=189806"}],"version-history":[{"count":0,"href":"https:\/\/www.europesays.com\/pt\/wp-json\/wp\/v2\/posts\/189806\/revisions"}],"wp:featuredmedia":[{"embeddable":true,"href":"https:\/\/www.europesays.com\/pt\/wp-json\/wp\/v2\/media\/189807"}],"wp:attachment":[{"href":"https:\/\/www.europesays.com\/pt\/wp-json\/wp\/v2\/media?parent=189806"}],"wp:term":[{"taxonomy":"category","embeddable":true,"href":"https:\/\/www.europesays.com\/pt\/wp-json\/wp\/v2\/categories?post=189806"},{"taxonomy":"post_tag","embeddable":true,"href":"https:\/\/www.europesays.com\/pt\/wp-json\/wp\/v2\/tags?post=189806"}],"curies":[{"name":"wp","href":"https:\/\/api.w.org\/{rel}","templated":true}]}}