{"id":189810,"date":"2025-12-15T20:43:15","date_gmt":"2025-12-15T20:43:15","guid":{"rendered":"https:\/\/www.europesays.com\/pt\/189810\/"},"modified":"2025-12-15T20:43:15","modified_gmt":"2025-12-15T20:43:15","slug":"projeto-perdendo-peso-e-ganhando-saude-apresenta-resultados-positivos-na-usf-gerson-rodrigues-prefeitura-de-barreiras","status":"publish","type":"post","link":"https:\/\/www.europesays.com\/pt\/189810\/","title":{"rendered":"Projeto \u201cPerdendo Peso e Ganhando Sa\u00fade\u201d apresenta resultados positivos na USF Gerson Rodrigues &#8211; Prefeitura de Barreiras"},"content":{"rendered":"<p style=\"text-align: center;\"><img loading=\"lazy\" decoding=\"async\" class=\"aligncenter size-full wp-image-107088 colorbox-107087\" src=\"https:\/\/www.europesays.com\/pt\/wp-content\/uploads\/2025\/12\/capa-24.jpg\" alt=\"\" width=\"780\" height=\"564\"  \/><\/p>\n<p style=\"text-align: justify;\">A Secretaria de Sa\u00fade de Barreiras, por meio da Aten\u00e7\u00e3o Prim\u00e1ria \u00e0 Sa\u00fade, apresentou no \u00faltimo s\u00e1bado (13) os resultados do projeto \u201cPerdendo Peso e Ganhando Sa\u00fade\u201d, desenvolvido na Unidade de Sa\u00fade da Fam\u00edlia Gerson Rodrigues do Nascimento, localizada no bairro Riachinho. A iniciativa come\u00e7ou no dia 10 de outubro e foi voltada a pacientes com sobrepeso e obesidade, com foco na promo\u00e7\u00e3o da sa\u00fade e preven\u00e7\u00e3o de doen\u00e7as cr\u00f4nicas n\u00e3o transmiss\u00edveis.<\/p>\n<p style=\"text-align: justify;\">O projeto coordenado pela\u00a0m\u00e9dica da unidade, Jheiny Glier,\u00a0prop\u00f4s um desafio de 60 dias, estimulando a ado\u00e7\u00e3o de h\u00e1bitos de vida mais saud\u00e1veis, como a pr\u00e1tica regular de atividades f\u00edsicas, acompanhamento com a nutricionista Laila\u00a0Nobre e monitoramento cl\u00ednico. Ao longo do per\u00edodo, os participantes realizaram caminhadas orientadas, avalia\u00e7\u00f5es m\u00e9dicas, consultas com nutricionista e exames laboratoriais.<\/p>\n<p style=\"text-align: justify;\">De acordo com a coordenadora, inicialmente foram inscritos 23 participantes, dos quais 13 conclu\u00edram todas as etapas do projeto. \u201cDessas 13 pessoas, apenas duas mantiveram o peso, e as outras 11 perderam peso, todas sem exce\u00e7\u00e3o. Tivemos resultados muito expressivos, com o primeiro lugar perdendo 6,750 quilos, o segundo 6,250 quilos, o terceiro 5,4 quilos e o quarto 5,250 quilos\u201d, destacou.<\/p>\n<p style=\"text-align: justify;\">Al\u00e9m da perda de peso, os resultados cl\u00ednicos tamb\u00e9m chamaram aten\u00e7\u00e3o. Segundo a m\u00e9dica, os exames laboratoriais indicaram melhora significativa em par\u00e2metros de sa\u00fade, especialmente entre pacientes com dislipidemia e pr\u00e9-diabetes. \u201cAp\u00f3s a perda de peso, percebemos uma melhoria expressiva nesses \u00edndices. Algo que n\u00e3o esper\u00e1vamos era uma perda de peso t\u00e3o efetiva em apenas 60 dias. O projeto foi um sucesso e fortaleceu muito o v\u00ednculo entre a equipe de sa\u00fade e os pacientes\u201d, completou Jheiny.<\/p>\n<p style=\"text-align: justify;\">Para a secret\u00e1ria de Sa\u00fade, Larissa Barbosa, a iniciativa refor\u00e7a o compromisso da gest\u00e3o municipal com a promo\u00e7\u00e3o da sa\u00fade e a qualidade de vida da popula\u00e7\u00e3o. \u201cProjetos como o \u2018Perdendo Peso e Ganhando Sa\u00fade\u2019 mostram que a aten\u00e7\u00e3o b\u00e1sica vai muito al\u00e9m do atendimento cl\u00ednico. \u00c9 um trabalho de cuidado cont\u00ednuo, preven\u00e7\u00e3o de doen\u00e7as e incentivo a escolhas mais saud\u00e1veis, com impacto direto na sa\u00fade f\u00edsica e mental das pessoas\u201d, afirmou.<\/p>\n<p style=\"text-align: justify;\">A a\u00e7\u00e3o contou com parcerias importantes, como o curso de Nutri\u00e7\u00e3o da Uninassau, que garantiu acompanhamento nutricional aos participantes, e o Laborat\u00f3rio Fleming, respons\u00e1vel pela realiza\u00e7\u00e3o gratuita dos exames laboratoriais no in\u00edcio e ao final do projeto. O encerramento contou com a entrega de premia\u00e7\u00e3o simb\u00f3lica aos participantes que obtiveram os melhores resultados, como forma de reconhecimento pelo empenho e dedica\u00e7\u00e3o ao longo do desafio.<\/p>\n<p style=\"text-align: justify;\"><b>Dircom\/PMB \u2013 15.12.2025<\/b><\/p>\n","protected":false},"excerpt":{"rendered":"A Secretaria de Sa\u00fade de Barreiras, por meio da Aten\u00e7\u00e3o Prim\u00e1ria \u00e0 Sa\u00fade, apresentou no \u00faltimo s\u00e1bado (13)&hellip;\n","protected":false},"author":2,"featured_media":189811,"comment_status":"","ping_status":"","sticky":false,"template":"","format":"standard","meta":{"footnotes":""},"categories":[86],"tags":[116,32,33,117],"class_list":{"0":"post-189810","1":"post","2":"type-post","3":"status-publish","4":"format-standard","5":"has-post-thumbnail","7":"category-saude","8":"tag-health","9":"tag-portugal","10":"tag-pt","11":"tag-saude"},"share_on_mastodon":{"url":"https:\/\/pubeurope.com\/@pt\/115725533680816079","error":""},"_links":{"self":[{"href":"https:\/\/www.europesays.com\/pt\/wp-json\/wp\/v2\/posts\/189810","targetHints":{"allow":["GET"]}}],"collection":[{"href":"https:\/\/www.europesays.com\/pt\/wp-json\/wp\/v2\/posts"}],"about":[{"href":"https:\/\/www.europesays.com\/pt\/wp-json\/wp\/v2\/types\/post"}],"author":[{"embeddable":true,"href":"https:\/\/www.europesays.com\/pt\/wp-json\/wp\/v2\/users\/2"}],"replies":[{"embeddable":true,"href":"https:\/\/www.europesays.com\/pt\/wp-json\/wp\/v2\/comments?post=189810"}],"version-history":[{"count":0,"href":"https:\/\/www.europesays.com\/pt\/wp-json\/wp\/v2\/posts\/189810\/revisions"}],"wp:featuredmedia":[{"embeddable":true,"href":"https:\/\/www.europesays.com\/pt\/wp-json\/wp\/v2\/media\/189811"}],"wp:attachment":[{"href":"https:\/\/www.europesays.com\/pt\/wp-json\/wp\/v2\/media?parent=189810"}],"wp:term":[{"taxonomy":"category","embeddable":true,"href":"https:\/\/www.europesays.com\/pt\/wp-json\/wp\/v2\/categories?post=189810"},{"taxonomy":"post_tag","embeddable":true,"href":"https:\/\/www.europesays.com\/pt\/wp-json\/wp\/v2\/tags?post=189810"}],"curies":[{"name":"wp","href":"https:\/\/api.w.org\/{rel}","templated":true}]}}