{"id":189814,"date":"2025-12-15T20:48:17","date_gmt":"2025-12-15T20:48:17","guid":{"rendered":"https:\/\/www.europesays.com\/pt\/189814\/"},"modified":"2025-12-15T20:48:17","modified_gmt":"2025-12-15T20:48:17","slug":"abalo-de-magnitude-35-na-escala-de-richter-sem-registo-de-danos","status":"publish","type":"post","link":"https:\/\/www.europesays.com\/pt\/189814\/","title":{"rendered":"Abalo de Magnitude 3,5 na Escala de Richter Sem Registo de Danos"},"content":{"rendered":"<p>Um sismo de magnitude 3,5 na escala de Richter foi esta segunda-feira, 15 de dezembro, sentido no concelho de \u00c9vora, sem causar danos pessoais ou materiais, segundo o Instituto Portugu\u00eas do Mar e da Atmosfera (IPMA).<\/p>\n<p>Em <a aria-label=\"content\" target=\"_blank\" href=\"https:\/\/www.ipma.pt\/pt\/geofisica\/comunicados\/index.jsp\" rel=\"nofollow noopener\">comunicado<\/a>, o IPMA adianta que o sismo teve o seu epicentro a cerca de 10 quil\u00f3metros a sul de \u00c9vora e foi registado \u00e0 09:39.<\/p>\n<p><strong>O abalo \u201cn\u00e3o causou danos pessoais ou materiais e foi sentido com intensidade m\u00e1xima IV (escala de Mercalli modificada) no concelho de \u00c9vora\u201d.<\/strong><\/p>\n<p>Contactado pela Lusa, o Comando Sub-regional de Emerg\u00eancia e Prote\u00e7\u00e3o Civil do Alentejo Central adiantou \u00e0 Lusa haver <strong>\u201crelatos de v\u00e1rios populares que reportaram aos bombeiros e outros servi\u00e7os terem sentido o sismo, mas at\u00e9 ao momento n\u00e3o h\u00e1 registo de danos estruturais\u201d.<\/strong><\/p>\n<p>Segundo a escala de Richter, os sismos s\u00e3o classificados segundo a sua magnitude como micro (menos de 2,0), muito pequenos (2,0-2,9), pequenos (3,0-3,9), ligeiros (4,0-4,9), moderados (5,0-5,9), fortes (6,0-6,9), grandes (7,0-7,9), importantes (8,0-8,9), excecionais (9,0-9,9) e extremos (quando superior a 10).<\/p>\n<p>A escala de Mercalli Modificada mede os &#8220;graus de intensidade e respetiva descri\u00e7\u00e3o&#8221;.<\/p>\n<p>A intensidade m\u00e1xima IV (moderado) e V (forte) da escala de Mercalli modificada significa que a vibra\u00e7\u00e3o \u00e9 semelhante \u00e0 provocada pela passagem de ve\u00edculos, os carros estacionados balan\u00e7am, janelas e portas tremem e \u00e9 sentido fora de casa.<\/p>\n<p>De recordar que, <a aria-label=\"content\" target=\"_blank\" href=\"https:\/\/www.dn.pt\/sociedade\/sismo-de-magnitude-41-sentido-em-viseu\" rel=\"nofollow noopener\">na madrugada de s\u00e1bado (13 de dezembro), um sismo de magnitude 4,1 foi registado \u00e0s 00h38 pelo IPMA a sudoeste de Celorico da Beira<\/a>, tendo sido sentido por moradores em Viseu e arredores. <\/p>\n<p>De acordo com o IPMA, o epicentro do evento ocorreu a uma profundidade de 23 quil\u00f3metros, tendo sido igualmente sentido em v\u00e1rios concelhos dos distritos de Viseu, Guarda, Aveiro, Castelo Branco e Vila Real.<\/p>\n<p>\u201cEste sismo, de acordo com a informa\u00e7\u00e3o dispon\u00edvel at\u00e9 ao momento, n\u00e3o causou danos pessoais ou materiais e foi sentido com intensidade m\u00e1xima IV\/V (escala de Mercalli modificada) no concelho de Covilh\u00e3 (Castelo Branco)\u201d, destacou o IPMA.<\/p>\n","protected":false},"excerpt":{"rendered":"Um sismo de magnitude 3,5 na escala de Richter foi esta segunda-feira, 15 de dezembro, sentido no concelho&hellip;\n","protected":false},"author":2,"featured_media":189815,"comment_status":"","ping_status":"","sticky":false,"template":"","format":"standard","meta":{"footnotes":""},"categories":[10],"tags":[27,28,4917,15,16,14,19439,25,26,21,22,12,13,19,20,32,23,24,33,349,17,18,29,30,31],"class_list":{"0":"post-189814","1":"post","2":"type-post","3":"status-publish","4":"format-standard","5":"has-post-thumbnail","7":"category-portugal","8":"tag-breaking-news","9":"tag-breakingnews","10":"tag-evora","11":"tag-featured-news","12":"tag-featurednews","13":"tag-headlines","14":"tag-ipma-instituto-portugues-do-mar-e-da-atmosfera","15":"tag-latest-news","16":"tag-latestnews","17":"tag-main-news","18":"tag-mainnews","19":"tag-news","20":"tag-noticias","21":"tag-noticias-principais","22":"tag-noticiasprincipais","23":"tag-portugal","24":"tag-principais-noticias","25":"tag-principaisnoticias","26":"tag-pt","27":"tag-sismo","28":"tag-top-stories","29":"tag-topstories","30":"tag-ultimas","31":"tag-ultimas-noticias","32":"tag-ultimasnoticias"},"share_on_mastodon":{"url":"https:\/\/pubeurope.com\/@pt\/115725553465744636","error":""},"_links":{"self":[{"href":"https:\/\/www.europesays.com\/pt\/wp-json\/wp\/v2\/posts\/189814","targetHints":{"allow":["GET"]}}],"collection":[{"href":"https:\/\/www.europesays.com\/pt\/wp-json\/wp\/v2\/posts"}],"about":[{"href":"https:\/\/www.europesays.com\/pt\/wp-json\/wp\/v2\/types\/post"}],"author":[{"embeddable":true,"href":"https:\/\/www.europesays.com\/pt\/wp-json\/wp\/v2\/users\/2"}],"replies":[{"embeddable":true,"href":"https:\/\/www.europesays.com\/pt\/wp-json\/wp\/v2\/comments?post=189814"}],"version-history":[{"count":0,"href":"https:\/\/www.europesays.com\/pt\/wp-json\/wp\/v2\/posts\/189814\/revisions"}],"wp:featuredmedia":[{"embeddable":true,"href":"https:\/\/www.europesays.com\/pt\/wp-json\/wp\/v2\/media\/189815"}],"wp:attachment":[{"href":"https:\/\/www.europesays.com\/pt\/wp-json\/wp\/v2\/media?parent=189814"}],"wp:term":[{"taxonomy":"category","embeddable":true,"href":"https:\/\/www.europesays.com\/pt\/wp-json\/wp\/v2\/categories?post=189814"},{"taxonomy":"post_tag","embeddable":true,"href":"https:\/\/www.europesays.com\/pt\/wp-json\/wp\/v2\/tags?post=189814"}],"curies":[{"name":"wp","href":"https:\/\/api.w.org\/{rel}","templated":true}]}}